{"id":101794,"date":"2025-02-11T23:13:54","date_gmt":"2025-02-11T23:13:54","guid":{"rendered":"https:\/\/tvbrazilusa.com\/2025\/02\/11\/mais-um-embate-entre-mourao-e-o-bolsonarismo\/"},"modified":"2025-02-11T23:13:55","modified_gmt":"2025-02-11T23:13:55","slug":"mais-um-embate-entre-mourao-e-o-bolsonarismo","status":"publish","type":"post","link":"https:\/\/tvbrazilusa.com\/pt\/2025\/02\/11\/mais-um-embate-entre-mourao-e-o-bolsonarismo\/","title":{"rendered":"Mais um embate entre Mour\u00e3o e o bolsonarismo"},"content":{"rendered":"<p> <script async src=\"https:\/\/pagead2.googlesyndication.com\/pagead\/js\/adsbygoogle.js?client=ca-pub-8864793242727901\"\r\n     crossorigin=\"anonymous\"><\/script><br \/>\n<\/p>\n<div id=\"taboola-read-more\" style=\"display:block; width:100%\">\n<p>Vice-presidente de Jair Bolsonaro, o senador Hamilton Mour\u00e3o (Republicanos-RS, foto) demonstrou relut\u00e2ncia nesta ter\u00e7a-feira, 11, sobre as tentativas de mudar a Lei da Ficha Limpa. Aliados de Bolsonaro articulam o enfraquecimento da legisla\u00e7\u00e3o para permitir que ele dispute a presid\u00eancia em 2026.\n<\/p>\n<p>\u201cVejo com uma certa dificuldade\u201d, disse Mour\u00e3o, em entrevista ao programa Meio-Dia em Bras\u00edlia, ao ser questionado sobre a proposta de reduzir o per\u00edodo de inelegibilidade imposto pela lei de oito para apenas dois anos.<\/p>\n<p>\u201cVamos lembrar o seguinte: h\u00e1 um projeto que estava sendo relatado pelo senador Weverton, ano passado, que abrangia o momento do in\u00edcio da contagem da inelegibilidade. E, no plen\u00e1rio, n\u00e3o teve voto, foi retirado. Ele n\u00e3o mexia no tempo de inelegibilidade, mexia apenas na contagem do prazo , e isso era muito importante para a elei\u00e7\u00e3o do ano passado, para alguns candidatos a prefeito, e terminou n\u00e3o sendo aprovado\u201d, comentou.\n<\/p>\n<p>\u201cPortanto, vejo que agora ter\u00e1 que haver uma mudan\u00e7a total de vis\u00e3o sobre essa quest\u00e3o. Sempre lembrando que a Lei da Ficha Limpa foi uma lei de iniciativa popular, e ela nasce na esteira das condena\u00e7\u00f5es do mensal\u00e3o, no ano de 2010. At\u00e9 ent\u00e3o a inelegibilidade era de tr\u00eas anos, se n\u00e3o me engano, passou para oito. Portanto, \u00e9 um assunto que vai ser discutido, mas, no Senado, \u00e9 um assunto que eu vejo com uma certa dificuldade\u201d. completou.\n<\/p>\n<p>Anistia<br \/>Mour\u00e3o defende, contudo, que uma poss\u00edvel anistia aos presos pelo vandalismo do 8 de janeiro de 2023 contemple Bolsonaro, o que permitiria que ele disputasse a elei\u00e7\u00e3o em 2026.\n<\/p>\n<p>\u201cO presidente Jair Bolsonaro est\u00e1 injustamente tornado ineleg\u00edvel por uma decis\u00e3o do Tribunal Superior Eleitoral, por aquela reuni\u00e3o que ele realizou com os embaixadores, para comentar a respeito do pensamento dele sobre o processo eleitoral do Brasil, e posteriormente por aquela quest\u00e3o do 7 de Setembro de 2022. \u00c9 uma puni\u00e7\u00e3o um tanto quanto forte para os fatos que ocorreram\u201d, comentou o senador, seguindo:\n<\/p>\n<p>\u201cNo entanto, ainda tem processos a que o presidente est\u00e1 submetido, e \u00e9 \u00f3bvio que esses processos est\u00e3o todos ligados com o 8 de janeiro, a partir do momento em que se construiu uma narrativa no pa\u00eds de que existiu efetivamente uma tentativa de derrubada do Estado de direito no nosso pa\u00eds. Portanto, considero que essa anistia vai abranger tamb\u00e9m uma poss\u00edvel condena\u00e7\u00e3o futura do presidente Bolsonaro.\u201d\n<\/p>\n<p>Fonte: O Antagonista              <\/p>\n<\/div>\n<p><br \/>\n<br \/><a href=\"https:\/\/diariodobrasilnoticias.com.br\/noticia\/mais-um-embate-entre-mourao-e-o-bolsonarismo-67abb97ccd347\">Source link <\/a><\/p>","protected":false},"excerpt":{"rendered":"<p>Vice-presidente de Jair Bolsonaro, o senador Hamilton Mour\u00e3o (Republicanos-RS, foto) demonstrou relut\u00e2ncia nesta ter\u00e7a-feira, 11, sobre as tentativas de mudar a Lei da Ficha Limpa. Aliados de Bolsonaro articulam o&hellip;<\/p>","protected":false},"author":1,"featured_media":101795,"comment_status":"closed","ping_status":"open","sticky":false,"template":"","format":"standard","meta":{"content-type":"","footnotes":""},"categories":[16],"tags":[123,2448,5313,1267],"class_list":["post-101794","post","type-post","status-publish","format-standard","has-post-thumbnail","hentry","category-noticias","tag-brasil","tag-diario","tag-noticia","tag-noticias"],"_links":{"self":[{"href":"https:\/\/tvbrazilusa.com\/pt\/wp-json\/wp\/v2\/posts\/101794","targetHints":{"allow":["GET"]}}],"collection":[{"href":"https:\/\/tvbrazilusa.com\/pt\/wp-json\/wp\/v2\/posts"}],"about":[{"href":"https:\/\/tvbrazilusa.com\/pt\/wp-json\/wp\/v2\/types\/post"}],"author":[{"embeddable":true,"href":"https:\/\/tvbrazilusa.com\/pt\/wp-json\/wp\/v2\/users\/1"}],"replies":[{"embeddable":true,"href":"https:\/\/tvbrazilusa.com\/pt\/wp-json\/wp\/v2\/comments?post=101794"}],"version-history":[{"count":1,"href":"https:\/\/tvbrazilusa.com\/pt\/wp-json\/wp\/v2\/posts\/101794\/revisions"}],"predecessor-version":[{"id":101796,"href":"https:\/\/tvbrazilusa.com\/pt\/wp-json\/wp\/v2\/posts\/101794\/revisions\/101796"}],"wp:featuredmedia":[{"embeddable":true,"href":"https:\/\/tvbrazilusa.com\/pt\/wp-json\/wp\/v2\/media\/101795"}],"wp:attachment":[{"href":"https:\/\/tvbrazilusa.com\/pt\/wp-json\/wp\/v2\/media?parent=101794"}],"wp:term":[{"taxonomy":"category","embeddable":true,"href":"https:\/\/tvbrazilusa.com\/pt\/wp-json\/wp\/v2\/categories?post=101794"},{"taxonomy":"post_tag","embeddable":true,"href":"https:\/\/tvbrazilusa.com\/pt\/wp-json\/wp\/v2\/tags?post=101794"}],"curies":[{"name":"wp","href":"https:\/\/api.w.org\/{rel}","templated":true}]}}