{"id":10180,"date":"2024-07-27T21:21:08","date_gmt":"2024-07-27T21:21:08","guid":{"rendered":"https:\/\/tvbrazilusa.com\/2024\/07\/27\/hartford-pegou-um-bom-caso-de-blues-no-24o-black-eyed-bluesfest-anual\/"},"modified":"2024-07-27T21:47:38","modified_gmt":"2024-07-27T21:47:38","slug":"hartford-pegou-um-bom-caso-de-blues-no-24o-black-eyed-bluesfest-anual","status":"publish","type":"post","link":"https:\/\/tvbrazilusa.com\/pt\/2024\/07\/27\/hartford-pegou-um-bom-caso-de-blues-no-24o-black-eyed-bluesfest-anual\/","title":{"rendered":"Hartford pegou um bom caso de Blues no 24\u00ba Black-Eyed &#038; Bluesfest anual"},"content":{"rendered":"<script async src=\"https:\/\/pagead2.googlesyndication.com\/pagead\/js\/adsbygoogle.js?client=ca-pub-8864793242727901\"\r\n     crossorigin=\"anonymous\"><\/script>\n<p>HARTFORD, Connecticut (WTNH) \u2013 Guitarras choravam suavemente no Bushnell Park na tarde de s\u00e1bado durante o 24\u00ba Black-Eyed &#038; Bluesfest anual. <\/p>\n<p>O festival come\u00e7ou na sexta-feira \u00e0 noite com apresenta\u00e7\u00f5es do bluesman italiano Roberto Morbiolli e da cantora de Boston Toni Lynn Washington. M\u00fasicos de Connecticut, Nova York e Rhode Island tamb\u00e9m est\u00e3o programados para tocar durante o fim de semana, incluindo Bruce Katz, The Knickerbocker All-Stars, XY Eli e BlueDevil Bluez.<\/p>\n<p>O festival foi criado por James Verano do restaurante Black-Eyed Sally&#39;s. Ele conseguiu continuar em Hartford pelo \u00faltimo quarto de s\u00e9culo gra\u00e7as a uma parceria com a Connecticut Blues Society e patroc\u00ednio do Greater Hartford Arts Council. <\/p>\n<p>\u201cO Blues \u00e9 a hist\u00f3ria de quase toda a m\u00fasica americana. Essas s\u00e3o nossas ra\u00edzes. Se quisermos mant\u00ea-lo, temos que envolver mais os jovens e s\u00e3o festivais como esses que fazem todo mundo sair\u201d, disse Scott Sebastian, presidente da Connecticut Blues Society.<\/p>\n<p>Junto com toda a \u00f3tima m\u00fasica, havia sorvete e churrasco dispon\u00edveis para os participantes. <\/p>\n<p>O festival encerrou na noite de s\u00e1bado com apresenta\u00e7\u00f5es de Jeff Pitchell e Texas Flood.<\/p>\n<p><br \/>\n<br \/><a href=\"https:\/\/www.wtnh.com\/news\/connecticut\/hartford\/hartford-caught-a-good-case-of-the-blues-at-the-24th-annual-black-eyed-bluesfest\/\">Source link <\/a><\/p>","protected":false},"excerpt":{"rendered":"<p>HARTFORD, Connecticut (WTNH) \u2013 Guitarras choravam suavemente no Bushnell Park na tarde de s\u00e1bado durante o 24\u00ba Black-Eyed &#038; Bluesfest anual. O festival come\u00e7ou na sexta-feira \u00e0 noite com apresenta\u00e7\u00f5es&hellip;<\/p>","protected":false},"author":1,"featured_media":10181,"comment_status":"closed","ping_status":"open","sticky":false,"template":"","format":"standard","meta":{"content-type":"","footnotes":""},"categories":[1],"tags":[],"class_list":["post-10180","post","type-post","status-publish","format-standard","has-post-thumbnail","hentry","category-uncategorized"],"_links":{"self":[{"href":"https:\/\/tvbrazilusa.com\/pt\/wp-json\/wp\/v2\/posts\/10180","targetHints":{"allow":["GET"]}}],"collection":[{"href":"https:\/\/tvbrazilusa.com\/pt\/wp-json\/wp\/v2\/posts"}],"about":[{"href":"https:\/\/tvbrazilusa.com\/pt\/wp-json\/wp\/v2\/types\/post"}],"author":[{"embeddable":true,"href":"https:\/\/tvbrazilusa.com\/pt\/wp-json\/wp\/v2\/users\/1"}],"replies":[{"embeddable":true,"href":"https:\/\/tvbrazilusa.com\/pt\/wp-json\/wp\/v2\/comments?post=10180"}],"version-history":[{"count":1,"href":"https:\/\/tvbrazilusa.com\/pt\/wp-json\/wp\/v2\/posts\/10180\/revisions"}],"predecessor-version":[{"id":10182,"href":"https:\/\/tvbrazilusa.com\/pt\/wp-json\/wp\/v2\/posts\/10180\/revisions\/10182"}],"wp:featuredmedia":[{"embeddable":true,"href":"https:\/\/tvbrazilusa.com\/pt\/wp-json\/wp\/v2\/media\/10181"}],"wp:attachment":[{"href":"https:\/\/tvbrazilusa.com\/pt\/wp-json\/wp\/v2\/media?parent=10180"}],"wp:term":[{"taxonomy":"category","embeddable":true,"href":"https:\/\/tvbrazilusa.com\/pt\/wp-json\/wp\/v2\/categories?post=10180"},{"taxonomy":"post_tag","embeddable":true,"href":"https:\/\/tvbrazilusa.com\/pt\/wp-json\/wp\/v2\/tags?post=10180"}],"curies":[{"name":"wp","href":"https:\/\/api.w.org\/{rel}","templated":true}]}}