{"id":101802,"date":"2025-02-11T23:44:14","date_gmt":"2025-02-11T23:44:14","guid":{"rendered":"https:\/\/tvbrazilusa.com\/2025\/02\/11\/parceria-entre-eua-e-ibama-para-prevencao-de-incendios-florestais-e-suspensa-por-trump\/"},"modified":"2025-02-11T23:44:15","modified_gmt":"2025-02-11T23:44:15","slug":"parceria-entre-eua-e-ibama-para-prevencao-de-incendios-florestais-e-suspensa-por-trump","status":"publish","type":"post","link":"https:\/\/tvbrazilusa.com\/pt\/2025\/02\/11\/parceria-entre-eua-e-ibama-para-prevencao-de-incendios-florestais-e-suspensa-por-trump\/","title":{"rendered":"Parceria entre EUA e Ibama para preven\u00e7\u00e3o de inc\u00eandios florestais \u00e9 suspensa por Trump"},"content":{"rendered":"<p> <script async src=\"https:\/\/pagead2.googlesyndication.com\/pagead\/js\/adsbygoogle.js?client=ca-pub-8864793242727901\"\r\n     crossorigin=\"anonymous\"><\/script><br \/>\n<\/p>\n<div id=\"taboola-read-more\" style=\"display:block; width:100%\">\n<p>O governo dos Estados Unidos suspendeu uma parceria com o Brasil para preven\u00e7\u00e3o de inc\u00eandios florestais. A medida foi tomada ap\u00f3s o decreto assinado pelo presidente americano Donald Trump, que suspendeu as atividades de assist\u00eancia internacional.\n<\/p>\n<p>O Servi\u00e7o Florestal dos Estados Unidos executava no Brasil o Programa de Manejo Florestal e Preven\u00e7\u00e3o de Inc\u00eandios para treinamento de brigadistas. A iniciativa era financiada pela USAID (Ag\u00eancia dos Estados Unidos para o Desenvolvimento Internacional), que tem sido alvo de uma ofensiva de Trump pelo seu fechamento.<\/p>\n<p>Na sexta-feira, 7, um juiz federal bloqueou a tentativa de Donald Trump de desmantelar a USAID. O presidente americano acusou a ag\u00eancia de corrup\u00e7\u00e3o e fraude sem apresentar provas. E escreveu \u201cFeche isso\u201d em suas redes sociais.\n<\/p>\n<p>\u201cO Instituto Brasileiro do Meio Ambiente e dos Recursos Naturais Renov\u00e1veis (Ibama) esclarece que recebeu e-mail informando que, devido a um decreto federal, nesse per\u00edodo de transi\u00e7\u00e3o do governo dos EUA, as atividades de assist\u00eancia internacional estariam suspensas por 90 dias\u201d, afirmou o Ibama em nota.\n<\/p>\n<p>Diante da interrup\u00e7\u00e3o da coopera\u00e7\u00e3o internacional, as atividades est\u00e3o sendo reprogramadas pelo Ibama, pelo Instituto Chico Mendes de Biodiversidade (ICMBio), outro \u00f3rg\u00e3o ligado ao Minist\u00e9rio do Meio Ambiente, pela Funai, vinculada \u00e0 pasta dos Povos Origin\u00e1rios. Os \u00f3rg\u00e3os brasileiros far\u00e3o uma an\u00e1lise para definir se manter\u00e3o as reuni\u00f5es previstas mesmo sem participa\u00e7\u00e3o dos Estados Unidos ou se elas ser\u00e3o remarcadas.\n<\/p>\n<p>O Ibama destaca que n\u00e3o h\u00e1 preju\u00edzo direto na interrup\u00e7\u00e3o do programa, uma vez que as a\u00e7\u00f5es de preven\u00e7\u00e3o e combate a inc\u00eandios s\u00e3o realizadas com recursos do or\u00e7amento da Uni\u00e3o, sem depend\u00eancia de fontes externas.\n<\/p>\n<p>\u201cA paralisa\u00e7\u00e3o das atividades da USAID n\u00e3o gera impacto direto no combate aos inc\u00eandios florestais no Brasil. O preju\u00edzo envolve aspectos t\u00e9cnicos, em virtude da interrup\u00e7\u00e3o de algumas a\u00e7\u00f5es que poderiam contribuir para a reestrutura\u00e7\u00e3o das institui\u00e7\u00f5es brasileiras, particularmente em termos de capacita\u00e7\u00e3o de profissionais\u201d, explica o Ibama.\n<\/p>\n<p>A preven\u00e7\u00e3o e o combate aos inc\u00eandios florestais \u00e9 um dos principais desafios do governo brasileiro. Desde que assumiu, embora tenha conseguido reduzir os \u00edndices de desmatamento, o presidente Luiz In\u00e1cio Lula da Silva (PT) tem acumulado problemas nas respostas \u00e0 crise das queimadas no Brasil.\n<\/p>\n<p>O n\u00famero de focos em 2024 aumentou 146,4% em compara\u00e7\u00e3o com o ano anterior \u2013 a Amaz\u00f4nia registrou recorde no n\u00famero de focos de fogo. Apesar da seca recorde e das mudan\u00e7as clim\u00e1ticas, que intensificaram o quadro, especialistas apontaram na \u00e9poca que o governo falhou na preven\u00e7\u00e3o.\n<\/p>\n<p>Fonte: InfoMoney              <\/p>\n<\/div>\n<p><br \/>\n<br \/><a href=\"https:\/\/diariodobrasilnoticias.com.br\/noticia\/parceria-entre-eua-e-ibama-para-prevencao-de-incendios-florestais-e-suspensa-por-trump-67abbc123917f\">Source link <\/a><\/p>","protected":false},"excerpt":{"rendered":"<p>O governo dos Estados Unidos suspendeu uma parceria com o Brasil para preven\u00e7\u00e3o de inc\u00eandios florestais. A medida foi tomada ap\u00f3s o decreto assinado pelo presidente americano Donald Trump, que&hellip;<\/p>","protected":false},"author":1,"featured_media":101803,"comment_status":"closed","ping_status":"open","sticky":false,"template":"","format":"standard","meta":{"content-type":"","footnotes":""},"categories":[16],"tags":[123,2448,5313,1267],"class_list":["post-101802","post","type-post","status-publish","format-standard","has-post-thumbnail","hentry","category-noticias","tag-brasil","tag-diario","tag-noticia","tag-noticias"],"_links":{"self":[{"href":"https:\/\/tvbrazilusa.com\/pt\/wp-json\/wp\/v2\/posts\/101802","targetHints":{"allow":["GET"]}}],"collection":[{"href":"https:\/\/tvbrazilusa.com\/pt\/wp-json\/wp\/v2\/posts"}],"about":[{"href":"https:\/\/tvbrazilusa.com\/pt\/wp-json\/wp\/v2\/types\/post"}],"author":[{"embeddable":true,"href":"https:\/\/tvbrazilusa.com\/pt\/wp-json\/wp\/v2\/users\/1"}],"replies":[{"embeddable":true,"href":"https:\/\/tvbrazilusa.com\/pt\/wp-json\/wp\/v2\/comments?post=101802"}],"version-history":[{"count":1,"href":"https:\/\/tvbrazilusa.com\/pt\/wp-json\/wp\/v2\/posts\/101802\/revisions"}],"predecessor-version":[{"id":101804,"href":"https:\/\/tvbrazilusa.com\/pt\/wp-json\/wp\/v2\/posts\/101802\/revisions\/101804"}],"wp:featuredmedia":[{"embeddable":true,"href":"https:\/\/tvbrazilusa.com\/pt\/wp-json\/wp\/v2\/media\/101803"}],"wp:attachment":[{"href":"https:\/\/tvbrazilusa.com\/pt\/wp-json\/wp\/v2\/media?parent=101802"}],"wp:term":[{"taxonomy":"category","embeddable":true,"href":"https:\/\/tvbrazilusa.com\/pt\/wp-json\/wp\/v2\/categories?post=101802"},{"taxonomy":"post_tag","embeddable":true,"href":"https:\/\/tvbrazilusa.com\/pt\/wp-json\/wp\/v2\/tags?post=101802"}],"curies":[{"name":"wp","href":"https:\/\/api.w.org\/{rel}","templated":true}]}}