{"id":101805,"date":"2025-02-11T23:57:34","date_gmt":"2025-02-11T23:57:34","guid":{"rendered":"https:\/\/tvbrazilusa.com\/2025\/02\/11\/com-uma-divida-bilionaria-bombril-solicita-recuperacao-judicial\/"},"modified":"2025-02-11T23:57:36","modified_gmt":"2025-02-11T23:57:36","slug":"com-uma-divida-bilionaria-bombril-solicita-recuperacao-judicial","status":"publish","type":"post","link":"https:\/\/tvbrazilusa.com\/pt\/2025\/02\/11\/com-uma-divida-bilionaria-bombril-solicita-recuperacao-judicial\/","title":{"rendered":"Com uma d\u00edvida bilion\u00e1ria, Bombril solicita recupera\u00e7\u00e3o judicial"},"content":{"rendered":"<p> <script async src=\"https:\/\/pagead2.googlesyndication.com\/pagead\/js\/adsbygoogle.js?client=ca-pub-8864793242727901\"\r\n     crossorigin=\"anonymous\"><\/script><br \/>\n<\/p>\n<div id=\"taboola-read-more\" style=\"display:block; width:100%\">\n<p>A Bombril apresentou nessa segunda-feira (10\/2) um pedido de recupera\u00e7\u00e3o judicial, em conjunto com outras sociedades do Grupo Bombril.\n<\/p>\n<p>O que aconteceu<br \/>O pedido foi protocolado junto \u00e0 1\u00aa Vara Regional Empresarial e de Conflitos Relacionados \u00e0 Arbitragem da 1\u00aa Regi\u00e3o Administrativa Judici\u00e1ria de S\u00e3o Paulo.<br \/>No mesmo dia, o Conselho de Administra\u00e7\u00e3o da Bombril havia autorizado o pedido de recupera\u00e7\u00e3o judicial.<br \/>As d\u00edvidas da empresa somam R$ 2,3 bilh\u00f5es.<br \/>O que diz a Bombril<br \/>\u201cTal medida est\u00e1 sendo tomada, no melhor interesse da companhia, para conduzir, de forma organizada, um procedimento abrangente de negocia\u00e7\u00e3o com todos os interessados para adequa\u00e7\u00e3o de sua estrutura de endividamento\u201d, informou a Bombril, em comunicado ao mercado.<\/p>\n<p>Na nota, a companhia afirma que vem passando por \u201cconting\u00eancias tribut\u00e1rias relevantes\u201d, especialmente por causa de autua\u00e7\u00f5es da Receita Federal em decorr\u00eancia de suposta falta de recolhimento de tributos.\n<\/p>\n<p>Esses tributos estariam relacionados a opera\u00e7\u00f5es de aquisi\u00e7\u00e3o de t\u00edtulos de d\u00edvida estrangeiros, entre 1998 e 2001, pela Bombril e pelo grupo empresarial italiano Cragnotti &#038; Partners, controlador da empresa \u00e0 \u00e9poca.\n<\/p>\n<p>Ainda de acordo com a Bombril, o pedido de recupera\u00e7\u00e3o judicial tem o objetivo de ajustar a estrutura de endividamento, garantir a continuidade operacional das atividades e proteger o caixa da empresa.\n<\/p>\n<p>\u201cCom a recupera\u00e7\u00e3o judicial, a companhia ser\u00e1 capaz de manter a sua capacidade operacional e reestruturar adequadamente seu passivo, por meio de um processo c\u00e9lere e com o menor impacto poss\u00edvel aos direitos dos credores e \u00e0s atividades operacionais\u201d, informou a Bombril.\n<\/p>\n<p><strong>Recupera\u00e7\u00e3o judicial<\/strong><br \/>A recupera\u00e7\u00e3o judicial \u00e9 um processo que permite \u00e0s organiza\u00e7\u00f5es renegociarem suas d\u00edvidas, evitando o encerramento das atividades, demiss\u00f5es ou falta de pagamento aos funcion\u00e1rios.\n<\/p>\n<p>Por meio desse instrumento, as empresas ficam desobrigadas de pagar aos credores por algum tempo, mas t\u00eam de apresentar um plano para acertar as contas e seguir em opera\u00e7\u00e3o.\n<\/p>\n<p>Em linhas gerais, a recupera\u00e7\u00e3o judicial \u00e9 uma tentativa de evitar a fal\u00eancia.\n<\/p>\n<p>Fonte: Metr\u00f3poles              <\/p>\n<\/div>\n<p><br \/>\n<br \/><a href=\"https:\/\/diariodobrasilnoticias.com.br\/noticia\/com-uma-divida-bilionaria-bombril-solicita-recuperacao-judicial-67abbeb982ea0\">Source link <\/a><\/p>","protected":false},"excerpt":{"rendered":"<p>A Bombril apresentou nessa segunda-feira (10\/2) um pedido de recupera\u00e7\u00e3o judicial, em conjunto com outras sociedades do Grupo Bombril. O que aconteceuO pedido foi protocolado junto \u00e0 1\u00aa Vara Regional&hellip;<\/p>","protected":false},"author":1,"featured_media":101806,"comment_status":"closed","ping_status":"open","sticky":false,"template":"","format":"standard","meta":{"content-type":"","footnotes":""},"categories":[16],"tags":[123,2448,5313,1267],"class_list":["post-101805","post","type-post","status-publish","format-standard","has-post-thumbnail","hentry","category-noticias","tag-brasil","tag-diario","tag-noticia","tag-noticias"],"_links":{"self":[{"href":"https:\/\/tvbrazilusa.com\/pt\/wp-json\/wp\/v2\/posts\/101805","targetHints":{"allow":["GET"]}}],"collection":[{"href":"https:\/\/tvbrazilusa.com\/pt\/wp-json\/wp\/v2\/posts"}],"about":[{"href":"https:\/\/tvbrazilusa.com\/pt\/wp-json\/wp\/v2\/types\/post"}],"author":[{"embeddable":true,"href":"https:\/\/tvbrazilusa.com\/pt\/wp-json\/wp\/v2\/users\/1"}],"replies":[{"embeddable":true,"href":"https:\/\/tvbrazilusa.com\/pt\/wp-json\/wp\/v2\/comments?post=101805"}],"version-history":[{"count":1,"href":"https:\/\/tvbrazilusa.com\/pt\/wp-json\/wp\/v2\/posts\/101805\/revisions"}],"predecessor-version":[{"id":101807,"href":"https:\/\/tvbrazilusa.com\/pt\/wp-json\/wp\/v2\/posts\/101805\/revisions\/101807"}],"wp:featuredmedia":[{"embeddable":true,"href":"https:\/\/tvbrazilusa.com\/pt\/wp-json\/wp\/v2\/media\/101806"}],"wp:attachment":[{"href":"https:\/\/tvbrazilusa.com\/pt\/wp-json\/wp\/v2\/media?parent=101805"}],"wp:term":[{"taxonomy":"category","embeddable":true,"href":"https:\/\/tvbrazilusa.com\/pt\/wp-json\/wp\/v2\/categories?post=101805"},{"taxonomy":"post_tag","embeddable":true,"href":"https:\/\/tvbrazilusa.com\/pt\/wp-json\/wp\/v2\/tags?post=101805"}],"curies":[{"name":"wp","href":"https:\/\/api.w.org\/{rel}","templated":true}]}}