{"id":101808,"date":"2025-02-12T00:10:07","date_gmt":"2025-02-12T00:10:07","guid":{"rendered":"https:\/\/tvbrazilusa.com\/2025\/02\/12\/8-de-janeiro-defensoria-publica-da-uniao-solicita-a-moraes-a-relacao-de-detidos-sem-advogado\/"},"modified":"2025-02-12T00:10:08","modified_gmt":"2025-02-12T00:10:08","slug":"8-de-janeiro-defensoria-publica-da-uniao-solicita-a-moraes-a-relacao-de-detidos-sem-advogado","status":"publish","type":"post","link":"https:\/\/tvbrazilusa.com\/pt\/2025\/02\/12\/8-de-janeiro-defensoria-publica-da-uniao-solicita-a-moraes-a-relacao-de-detidos-sem-advogado\/","title":{"rendered":"8 de janeiro: Defensoria P\u00fablica da Uni\u00e3o solicita a Moraes a rela\u00e7\u00e3o de detidos sem advogado"},"content":{"rendered":"<p> <script async src=\"https:\/\/pagead2.googlesyndication.com\/pagead\/js\/adsbygoogle.js?client=ca-pub-8864793242727901\"\r\n     crossorigin=\"anonymous\"><\/script><br \/>\n<\/p>\n<div id=\"taboola-read-more\" style=\"display:block; width:100%\">\n<p>A Defensoria P\u00fablica da Uni\u00e3o (DPU) apresentou uma solicita\u00e7\u00e3o ao ministro Alexandre de Moraes, do Supremo Tribunal Federal (STF), nesta segunda-feira, 10. O pedido tem o objetivo de obter uma lista atualizada das pessoas detidas por causa dos atos do 8 de janeiro que est\u00e3o sem advogado.\n<\/p>\n<p>A DPU busca assegurar que todos os envolvidos tenham acesso \u00e0 defesa t\u00e9cnica, conforme estabelece sua miss\u00e3o constitucional.<\/p>\n<p>O defensor p\u00fablico-geral, Leonardo Magalh\u00e3es, destacou a import\u00e2ncia desse registro e afirmou que ele \u00e9 essencial, \u201cem raz\u00e3o da exist\u00eancia de pessoas sem defesa cadastradas no s\u00edtio eletr\u00f4nico do STF\u201d.\n<\/p>\n<p>O documento menciona casos frequentes de indiv\u00edduos que deixam de ter a representa\u00e7\u00e3o da Defensoria P\u00fablica pela contrata\u00e7\u00e3o de advogados particulares ou vice-versa.\n<\/p>\n<p>At\u00e9 15 de janeiro de 2025, a defensoria j\u00e1 havia prestado assist\u00eancia a 223 pessoas envolvidas nos atos. Esse apoio culminou na absolvi\u00e7\u00e3o de quatro moradores de rua, presos durante os eventos.\n<\/p>\n<p><strong>DPU e os r\u00e9us do 8 de janeiro<\/strong>\n<\/p>\n<p>Os acontecimentos de 8 de janeiro de 2023 resultaram na pris\u00e3o de mais de 2 mil pessoas por invadirem os pr\u00e9dios da Pra\u00e7a dos Tr\u00eas Poderes. Em setembro de 2023, A\u00e9cio L\u00facio Costa foi o primeiro r\u00e9u condenado pelo STF, cuja senten\u00e7a foi de 17 anos de pris\u00e3o.\n<\/p>\n<p>O julgamento dele teve como base crimes de aboli\u00e7\u00e3o violenta do Estado Democr\u00e1tico de Direito, tentativa de golpe de Estado, dano qualificado, deteriora\u00e7\u00e3o de patrim\u00f4nio tombado e associa\u00e7\u00e3o criminosa armada. Outros r\u00e9us, posteriormente condenados, tamb\u00e9m receberam penas elevadas, que variam de 12 a 17 anos de reclus\u00e3o.\n<\/p>\n<p>Durante a invas\u00e3o, manifestantes romperam as barreiras de prote\u00e7\u00e3o estabelecidas pelas for\u00e7as de seguran\u00e7a do Distrito Federal e da For\u00e7a Nacional. Eles invadiram o Sal\u00e3o Verde da C\u00e2mara dos Deputados, e alguns destru\u00edram equipamentos de vota\u00e7\u00e3o no plen\u00e1rio.\n<\/p>\n<p>Em seguida, avan\u00e7aram para o Pal\u00e1cio do Planalto, onde danificaram salas na sede do Poder Executivo. No Supremo Tribunal Federal, os invasores quebraram vidros da fachada, danificaram o plen\u00e1rio da Corte e arrancaram cadeiras e o Bras\u00e3o da Rep\u00fablica.\n<\/p>\n<p>Al\u00e9m disso, a est\u00e1tua A Justi\u00e7a e a porta do gabinete do ministro Alexandre de Moraes foram pichadas e danificadas. Parte de juristas brasileiros defende a ideia de que os manifestantes devem responder por vandalismo, em respeito \u00e0 individualidade de cada caso.\n<\/p>\n<p>Fonte: Revista Oeste              <\/p>\n<\/div>\n<p><br \/>\n<br \/><a href=\"https:\/\/diariodobrasilnoticias.com.br\/noticia\/8-de-janeiro-defensoria-publica-da-uniao-solicita-a-moraes-a-relacao-de-detidos-sem-advogado-67abbdd5cac1e\">Source link <\/a><\/p>","protected":false},"excerpt":{"rendered":"<p>A Defensoria P\u00fablica da Uni\u00e3o (DPU) apresentou uma solicita\u00e7\u00e3o ao ministro Alexandre de Moraes, do Supremo Tribunal Federal (STF), nesta segunda-feira, 10. O pedido tem o objetivo de obter uma&hellip;<\/p>","protected":false},"author":1,"featured_media":101809,"comment_status":"closed","ping_status":"open","sticky":false,"template":"","format":"standard","meta":{"content-type":"","footnotes":""},"categories":[16],"tags":[123,2448,5313,1267],"class_list":["post-101808","post","type-post","status-publish","format-standard","has-post-thumbnail","hentry","category-noticias","tag-brasil","tag-diario","tag-noticia","tag-noticias"],"_links":{"self":[{"href":"https:\/\/tvbrazilusa.com\/pt\/wp-json\/wp\/v2\/posts\/101808","targetHints":{"allow":["GET"]}}],"collection":[{"href":"https:\/\/tvbrazilusa.com\/pt\/wp-json\/wp\/v2\/posts"}],"about":[{"href":"https:\/\/tvbrazilusa.com\/pt\/wp-json\/wp\/v2\/types\/post"}],"author":[{"embeddable":true,"href":"https:\/\/tvbrazilusa.com\/pt\/wp-json\/wp\/v2\/users\/1"}],"replies":[{"embeddable":true,"href":"https:\/\/tvbrazilusa.com\/pt\/wp-json\/wp\/v2\/comments?post=101808"}],"version-history":[{"count":1,"href":"https:\/\/tvbrazilusa.com\/pt\/wp-json\/wp\/v2\/posts\/101808\/revisions"}],"predecessor-version":[{"id":101810,"href":"https:\/\/tvbrazilusa.com\/pt\/wp-json\/wp\/v2\/posts\/101808\/revisions\/101810"}],"wp:featuredmedia":[{"embeddable":true,"href":"https:\/\/tvbrazilusa.com\/pt\/wp-json\/wp\/v2\/media\/101809"}],"wp:attachment":[{"href":"https:\/\/tvbrazilusa.com\/pt\/wp-json\/wp\/v2\/media?parent=101808"}],"wp:term":[{"taxonomy":"category","embeddable":true,"href":"https:\/\/tvbrazilusa.com\/pt\/wp-json\/wp\/v2\/categories?post=101808"},{"taxonomy":"post_tag","embeddable":true,"href":"https:\/\/tvbrazilusa.com\/pt\/wp-json\/wp\/v2\/tags?post=101808"}],"curies":[{"name":"wp","href":"https:\/\/api.w.org\/{rel}","templated":true}]}}