{"id":101862,"date":"2025-02-12T03:28:25","date_gmt":"2025-02-12T03:28:25","guid":{"rendered":"https:\/\/tvbrazilusa.com\/2025\/02\/12\/nikolas-ferreira-revela-conversa-com-relator-de-orgao-da-oea\/"},"modified":"2025-02-12T03:28:27","modified_gmt":"2025-02-12T03:28:27","slug":"nikolas-ferreira-revela-conversa-com-relator-de-orgao-da-oea","status":"publish","type":"post","link":"https:\/\/tvbrazilusa.com\/pt\/2025\/02\/12\/nikolas-ferreira-revela-conversa-com-relator-de-orgao-da-oea\/","title":{"rendered":"Nikolas Ferreira revela conversa com relator de \u00f3rg\u00e3o da OEA"},"content":{"rendered":"<p> <script async src=\"https:\/\/pagead2.googlesyndication.com\/pagead\/js\/adsbygoogle.js?client=ca-pub-8864793242727901\"\r\n     crossorigin=\"anonymous\"><\/script><br \/>\n<\/p>\n<div id=\"taboola-read-more\" style=\"display:block; width:100%\">\n<p>O deputado federal Nikolas Ferreira (PL-MG) tamb\u00e9m esteve participando da reuni\u00e3o que aconteceu, nesta ter\u00e7a-feira (11), com parlamentares da oposi\u00e7\u00e3o e o relator especial para a liberdade de express\u00e3o da Comiss\u00e3o Interamericana de Direitos Humanos (CIDH), \u00f3rg\u00e3o ligado \u00e0 Organiza\u00e7\u00e3o dos Estados Americanos (OEA), Pedro Vaca Villareal.\n<\/p>\n<p>Em suas redes sociais, o deputado mineiro comentou sobre o que aconteceu neste encontro que teve a participa\u00e7\u00e3o de nomes como os deputados federais Bia Kicis (PL-DF) e Carla Zambelli (PL-SP), Marcel van Hattem (Novo-RS) e Gustavo Gayer (PL-GO), al\u00e9m do senador Eduardo Gir\u00e3o (Novo-CE) e outros.<\/p>\n<p>Ele nos escutou, tanto deputados quanto senadores, que falaram da persegui\u00e7\u00e3o que sofreram tanto quanto derrubada de contas, busca e apreens\u00e3o, sem acesso aos autos. Eu tamb\u00e9m n\u00e3o tive acesso aos processos, at\u00e9 hoje, quando minhas contas foram derrubadas pelo Moraes.\n<\/p>\n<p>Nikolas revelou tamb\u00e9m que outros assuntos foram tratados, como a pris\u00e3o e condena\u00e7\u00e3o dos manifestantes do 8 de janeiro e a morte de Cl\u00e9riston Pereira da Cunha, o Clez\u00e3o, preso do 8 de janeiro que faleceu na Papuda, mesmo com pedidos da PGR para que ele fosse solto em raz\u00e3o do seu estado grave de sa\u00fade.\n<\/p>\n<p>O parlamentar lamentou que o encontro com Pedro Vaca tenha acontecido ap\u00f3s a reuni\u00e3o que o relator teve com os ministros do Supremo Tribunal Federal, que aconteceu nesta segunda (10).\n<\/p>\n<p>\u2013 Ele falei pra ele: \u201cOlha, queria que voc\u00ea estivesse vindo aqui antes de ter tido contato com os ministros do STF, que eu gostaria que voc\u00ea tivesse questionado para eles o que significa \u2018miss\u00e3o dada \u00e9 miss\u00e3o cumprida\u2019? E a resposta dessa pergunta daria mais valida\u00e7\u00e3o ainda a tudo o que estamos falando aqui\u201d.\n<\/p>\n<p>O deputado declarou ainda que pediram para que o relator fa\u00e7a um relat\u00f3rio imparcial, falando apenas a verdade do que tem acontecido.\n<\/p>\n<p>Fonte: Pleno News              <\/p>\n<\/div>\n<p><br \/>\n<br \/><a href=\"https:\/\/diariodobrasilnoticias.com.br\/noticia\/nikolas-ferreira-revela-conversa-com-relator-de-orgao-da-oea-67abdebe670ee\">Source link <\/a><\/p>","protected":false},"excerpt":{"rendered":"<p>O deputado federal Nikolas Ferreira (PL-MG) tamb\u00e9m esteve participando da reuni\u00e3o que aconteceu, nesta ter\u00e7a-feira (11), com parlamentares da oposi\u00e7\u00e3o e o relator especial para a liberdade de express\u00e3o da&hellip;<\/p>","protected":false},"author":1,"featured_media":101863,"comment_status":"closed","ping_status":"open","sticky":false,"template":"","format":"standard","meta":{"content-type":"","footnotes":""},"categories":[16],"tags":[123,2448,5313,1267],"class_list":["post-101862","post","type-post","status-publish","format-standard","has-post-thumbnail","hentry","category-noticias","tag-brasil","tag-diario","tag-noticia","tag-noticias"],"_links":{"self":[{"href":"https:\/\/tvbrazilusa.com\/pt\/wp-json\/wp\/v2\/posts\/101862","targetHints":{"allow":["GET"]}}],"collection":[{"href":"https:\/\/tvbrazilusa.com\/pt\/wp-json\/wp\/v2\/posts"}],"about":[{"href":"https:\/\/tvbrazilusa.com\/pt\/wp-json\/wp\/v2\/types\/post"}],"author":[{"embeddable":true,"href":"https:\/\/tvbrazilusa.com\/pt\/wp-json\/wp\/v2\/users\/1"}],"replies":[{"embeddable":true,"href":"https:\/\/tvbrazilusa.com\/pt\/wp-json\/wp\/v2\/comments?post=101862"}],"version-history":[{"count":1,"href":"https:\/\/tvbrazilusa.com\/pt\/wp-json\/wp\/v2\/posts\/101862\/revisions"}],"predecessor-version":[{"id":101864,"href":"https:\/\/tvbrazilusa.com\/pt\/wp-json\/wp\/v2\/posts\/101862\/revisions\/101864"}],"wp:featuredmedia":[{"embeddable":true,"href":"https:\/\/tvbrazilusa.com\/pt\/wp-json\/wp\/v2\/media\/101863"}],"wp:attachment":[{"href":"https:\/\/tvbrazilusa.com\/pt\/wp-json\/wp\/v2\/media?parent=101862"}],"wp:term":[{"taxonomy":"category","embeddable":true,"href":"https:\/\/tvbrazilusa.com\/pt\/wp-json\/wp\/v2\/categories?post=101862"},{"taxonomy":"post_tag","embeddable":true,"href":"https:\/\/tvbrazilusa.com\/pt\/wp-json\/wp\/v2\/tags?post=101862"}],"curies":[{"name":"wp","href":"https:\/\/api.w.org\/{rel}","templated":true}]}}