{"id":101865,"date":"2025-02-12T03:34:27","date_gmt":"2025-02-12T03:34:27","guid":{"rendered":"https:\/\/tvbrazilusa.com\/2025\/02\/12\/jacksonville-aumenta-as-taxas-de-lixo-dos-residentes-jacksonville-hoje\/"},"modified":"2025-02-12T03:43:12","modified_gmt":"2025-02-12T03:43:12","slug":"jacksonville-aumenta-as-taxas-de-lixo-dos-residentes-jacksonville-hoje","status":"publish","type":"post","link":"https:\/\/tvbrazilusa.com\/pt\/2025\/02\/12\/jacksonville-aumenta-as-taxas-de-lixo-dos-residentes-jacksonville-hoje\/","title":{"rendered":"Jacksonville aumenta as taxas de lixo dos residentes | Jacksonville hoje"},"content":{"rendered":"<p> <script async src=\"https:\/\/pagead2.googlesyndication.com\/pagead\/js\/adsbygoogle.js?client=ca-pub-8864793242727901\"\r\n     crossorigin=\"anonymous\"><\/script><br \/>\n<\/p>\n<div>\n<p>A taxa anual que os moradores de Jacksonville pagam pela cobran\u00e7a de lixo est\u00e1 subindo, ap\u00f3s uma vota\u00e7\u00e3o de 12 a 7 no conselho da cidade na noite de ter\u00e7a-feira. A prefeita Donna Deegan j\u00e1 disse que ap\u00f3ia a medida e planeja assinar a lei. <\/p>\n<p>A taxa, que os residentes pagam como parte de suas contas de imposto sobre a propriedade, subir\u00e1 dos atuais US $ 151 por ano para US $ 384 at\u00e9 2027, com passos graduais nos pr\u00f3ximos dois anos.<\/p>\n<p>Os sete membros do conselho que votaram n\u00e3o em <a href=\"https:\/\/jaxcityc.legistar.com\/LegislationDetail.aspx?ID=7087667&#038;GUID=3EA6B9ED-744C-4E7B-8EC1-31D2255E6C09&#038;Options=ID|Text|&#038;Search=solid+waste\" rel=\"nofollow noopener\" target=\"_blank\">a proposta<\/a> foram Ron Salem, Rory Diamond, Terrance Freeman, Nick Howland, Reggie Gaffney, Jr., Mike Gay e Kevin Carrico. <\/p>\n<p>&#8220;Eu continuo voltando para o que meus eleitores me dizem, e olhando para todo o quadro geral aqui &#8230; h\u00e1 um buraco para consertar antes de enfiarmos a m\u00e3o no bolso de nossos cidad\u00e3os&#8221;, disse Gay. &#8220;O \u00faltimo recurso que devemos fazer \u00e9 aumentar uma taxa ou imposto, ou como voc\u00ea chama, mas n\u00e3o vou apoi\u00e1 -la.&#8221;<\/p>\n<div class=\"wp-block-image\">\n<figure class=\"aligncenter size-large\"><figcaption class=\"wp-element-caption\">O aumento da taxa de lixo foi aprovado em uma vota\u00e7\u00e3o de 12 a 7. | Cidade de Jacksonville (captura de tela) <\/figcaption><\/figure>\n<\/div>\n<p>Sim, os votos vieram do presidente do conselho, Randy White, Ken Amaro, Raul Arias, Michael Boylan, Joe Carlucci, Matt Carlucci, Tyrona Clark-Murray, Ju&#8217;coby Pittman, Rahman Johnson, Will Lahnen, Chris Miller e Jimmy Peluso. <\/p>\n<p>Clark-Murray, co-patrocinador da proposta, disse: \u201cTemos que fazer isso. Nossos trabalhos s\u00e3o resolver um problema. Este \u00e9 um problema que est\u00e1 aparecendo h\u00e1 d\u00e9cadas. E temos a habilidade com a simples press\u00e3o de um bot\u00e3o para resolver o problema. \u201d <\/p>\n<p>As taxas de lixo dos residentes de Jacksonville n\u00e3o subiram h\u00e1 15 anos e n\u00e3o cobrem o custo do servi\u00e7o &#8211; que est\u00e1 for\u00e7ando a cidade a usar fundos gerais. Essa n\u00e3o \u00e9 uma solu\u00e7\u00e3o sustent\u00e1vel, porque o dinheiro deve ser pago de volta, e a &#8220;d\u00edvida&#8221; que a cidade deve para cobrir a lacuna \u00e9 projetada para atingir meio bilh\u00e3o de d\u00f3lares at\u00e9 2031. <\/p>\n<p>Matt Carlucci, membro do conselho, que levou a proposta inicialmente, tamb\u00e9m <a href=\"https:\/\/jaxtoday.org\/2025\/01\/12\/opinion-why-we-need-to-raise-garbage-fees\/\">argumentou<\/a> O fato de os moradores das praias e Baldwin subsidiar injustamente a cole\u00e7\u00e3o de lixo de Jacksonville porque pagam por seus pr\u00f3prios servi\u00e7os de cobran\u00e7a, mas tamb\u00e9m veem seus d\u00f3lares de impostos usados \u200b\u200bpara preencher a lacuna para o de Jacksonville. <\/p>\n<p>Em um e -mail para <em>Jacksonville hoje<\/em> Na ter\u00e7a -feira, Carlucci disse que havia lan\u00e7ado o aumento da taxa aos cidad\u00e3os em oito reuni\u00f5es da prefeitura e em empresas. <\/p>\n<p>&#8220;Para minha surpresa, recebi muito pouca rea\u00e7\u00e3o &#8230; fiquei surpreso, mas tamb\u00e9m estava orgulhoso de que as pessoas se importassem o suficiente com a comunidade deles para sair e ouvir as complexidades das coisas (e) querem consert\u00e1 -lo&#8221;, disse ele. <\/p>\n<p>Para evitar sobrecarregar os residentes de menor renda, o conselho na ter\u00e7a-feira tamb\u00e9m votou para limitar a taxa de lixo aos atuais US $ 151 para as fam\u00edlias que comp\u00f5em at\u00e9 150% do <a href=\"https:\/\/aspe.hhs.gov\/topics\/poverty-economic-mobility\/poverty-guidelines\" rel=\"nofollow noopener\" target=\"_blank\">n\u00edvel federal de pobreza<\/a>. Para uma fam\u00edlia de quatro, s\u00e3o US $ 48.225. <\/p>\n<\/div>\n<p><br \/>\n<br \/><a href=\"https:\/\/jaxtoday.org\/2025\/02\/11\/jacksonville-raises-residents-trash-fees\/\">Source link <\/a><\/p>","protected":false},"excerpt":{"rendered":"<p>A taxa anual que os moradores de Jacksonville pagam pela cobran\u00e7a de lixo est\u00e1 subindo, ap\u00f3s uma vota\u00e7\u00e3o de 12 a 7 no conselho da cidade na noite de ter\u00e7a-feira.&hellip;<\/p>","protected":false},"author":1,"featured_media":101866,"comment_status":"closed","ping_status":"open","sticky":false,"template":"","format":"standard","meta":{"content-type":"","footnotes":""},"categories":[1],"tags":[],"class_list":["post-101865","post","type-post","status-publish","format-standard","has-post-thumbnail","hentry","category-uncategorized"],"_links":{"self":[{"href":"https:\/\/tvbrazilusa.com\/pt\/wp-json\/wp\/v2\/posts\/101865","targetHints":{"allow":["GET"]}}],"collection":[{"href":"https:\/\/tvbrazilusa.com\/pt\/wp-json\/wp\/v2\/posts"}],"about":[{"href":"https:\/\/tvbrazilusa.com\/pt\/wp-json\/wp\/v2\/types\/post"}],"author":[{"embeddable":true,"href":"https:\/\/tvbrazilusa.com\/pt\/wp-json\/wp\/v2\/users\/1"}],"replies":[{"embeddable":true,"href":"https:\/\/tvbrazilusa.com\/pt\/wp-json\/wp\/v2\/comments?post=101865"}],"version-history":[{"count":1,"href":"https:\/\/tvbrazilusa.com\/pt\/wp-json\/wp\/v2\/posts\/101865\/revisions"}],"predecessor-version":[{"id":101867,"href":"https:\/\/tvbrazilusa.com\/pt\/wp-json\/wp\/v2\/posts\/101865\/revisions\/101867"}],"wp:featuredmedia":[{"embeddable":true,"href":"https:\/\/tvbrazilusa.com\/pt\/wp-json\/wp\/v2\/media\/101866"}],"wp:attachment":[{"href":"https:\/\/tvbrazilusa.com\/pt\/wp-json\/wp\/v2\/media?parent=101865"}],"wp:term":[{"taxonomy":"category","embeddable":true,"href":"https:\/\/tvbrazilusa.com\/pt\/wp-json\/wp\/v2\/categories?post=101865"},{"taxonomy":"post_tag","embeddable":true,"href":"https:\/\/tvbrazilusa.com\/pt\/wp-json\/wp\/v2\/tags?post=101865"}],"curies":[{"name":"wp","href":"https:\/\/api.w.org\/{rel}","templated":true}]}}