{"id":101922,"date":"2025-02-12T10:30:39","date_gmt":"2025-02-12T10:30:39","guid":{"rendered":"https:\/\/tvbrazilusa.com\/2025\/02\/12\/trump-proibe-a-associated-press-no-salao-oval-por-nao-adotar-o-nome-golfo-da-america\/"},"modified":"2025-02-12T10:30:41","modified_gmt":"2025-02-12T10:30:41","slug":"trump-proibe-a-associated-press-no-salao-oval-por-nao-adotar-o-nome-golfo-da-america","status":"publish","type":"post","link":"https:\/\/tvbrazilusa.com\/pt\/2025\/02\/12\/trump-proibe-a-associated-press-no-salao-oval-por-nao-adotar-o-nome-golfo-da-america\/","title":{"rendered":"Trump pro\u00edbe a &#8216;Associated Press&#8217; no Sal\u00e3o Oval por n\u00e3o adotar o nome &#8216;Golfo da Am\u00e9rica&#8217;"},"content":{"rendered":"<p> <script async src=\"https:\/\/pagead2.googlesyndication.com\/pagead\/js\/adsbygoogle.js?client=ca-pub-8864793242727901\"\r\n     crossorigin=\"anonymous\"><\/script><br \/>\n<\/p>\n<div id=\"taboola-read-more\" style=\"display:block; width:100%\">\n<p>A ag\u00eancia de not\u00edcias Associated Press (AP) foi vetada na ter\u00e7a-feira, 11, em um ato do presidente dos Estados Unidos, Donald Trump, no Sal\u00e3o Oval da Casa Branca, por n\u00e3o usar o termo \u201cGolfo da Am\u00e9rica\u201d em vez de Golfo do M\u00e9xico.\n<\/p>\n<p>\u201cHoje fomos informados pela Casa Branca que, se a AP n\u00e3o alinhar seus padr\u00f5es editoriais com a ordem executiva do presidente Donald Trump para renomear o Golfo do M\u00e9xico como Golfo da Am\u00e9rica, ela seria impedida de participar de um evento no Sal\u00e3o Oval\u201d, disse a editora-chefe da ag\u00eancia, Julie Pace, em um comunicado<\/p>\n<p>\u201cNesta tarde, um rep\u00f3rter da AP foi vetado e n\u00e3o p\u00f4de comparecer \u00e0 assinatura de uma ordem executiva\u201d, acrescentou. Pace chamou de \u201calarmante\u201d a decis\u00e3o da Casa Branca contra a AP \u201cpor seu jornalismo independente\u201d.\n<\/p>\n<p>\u201cRestringir nosso acesso ao Sal\u00e3o Oval com base no conte\u00fado de nossa cobertura n\u00e3o apenas impede seriamente o acesso do p\u00fablico a not\u00edcias independentes, mas tamb\u00e9m viola claramente a Primeira Emenda\u201d, disse.\n<\/p>\n<p>A &#8220;Associated Press&#8221;, em seu manual de estilo, decidiu continuar chamando o Golfo do M\u00e9xico \u201cpor seu nome original\u201d, mesmo mencionando o novo nome escolhido por Trump.\n<\/p>\n<p>\u201cA ordem de Trump tem autoridade apenas dentro dos Estados Unidos. Nem o M\u00e9xico, nem outros pa\u00edses, nem organiza\u00e7\u00f5es internacionais s\u00e3o obrigados a reconhecer a mudan\u00e7a de nome\u201d, disse a ag\u00eancia.\n<\/p>\n<p>\u201cComo uma ag\u00eancia de not\u00edcias global que distribui informa\u00e7\u00f5es em todo o mundo, a AP deve garantir que os nomes de lugares e a geografia sejam facilmente reconhec\u00edveis por todos os p\u00fablicos\u201d, acrescentou.\n<\/p>\n<p>A Associa\u00e7\u00e3o de Correspondentes da Casa Branca (WHCA) disse em um comunicado que o veto \u201c\u00e9 inaceit\u00e1vel\u201d e exigiu que o governo Trump volte atr\u00e1s &#8220;imediatamente\u201d.\n<\/p>\n<p>\u201cA Casa Branca n\u00e3o pode ditar como a imprensa divulga as not\u00edcias&#8221;, disse a WHCA.<\/p>\n<p>Fonte: Exame              <\/p>\n<\/div>\n<p><br \/>\n<br \/><a href=\"https:\/\/diariodobrasilnoticias.com.br\/noticia\/trump-proibe-a-associated-press-no-salao-oval-por-nao-adotar-o-nome-golfo-da-america-67ac7651cd5e9\">Source link <\/a><\/p>","protected":false},"excerpt":{"rendered":"<p>A ag\u00eancia de not\u00edcias Associated Press (AP) foi vetada na ter\u00e7a-feira, 11, em um ato do presidente dos Estados Unidos, Donald Trump, no Sal\u00e3o Oval da Casa Branca, por n\u00e3o&hellip;<\/p>","protected":false},"author":1,"featured_media":101923,"comment_status":"closed","ping_status":"open","sticky":false,"template":"","format":"standard","meta":{"content-type":"","footnotes":""},"categories":[16],"tags":[123,2448,5313,1267],"class_list":["post-101922","post","type-post","status-publish","format-standard","has-post-thumbnail","hentry","category-noticias","tag-brasil","tag-diario","tag-noticia","tag-noticias"],"_links":{"self":[{"href":"https:\/\/tvbrazilusa.com\/pt\/wp-json\/wp\/v2\/posts\/101922","targetHints":{"allow":["GET"]}}],"collection":[{"href":"https:\/\/tvbrazilusa.com\/pt\/wp-json\/wp\/v2\/posts"}],"about":[{"href":"https:\/\/tvbrazilusa.com\/pt\/wp-json\/wp\/v2\/types\/post"}],"author":[{"embeddable":true,"href":"https:\/\/tvbrazilusa.com\/pt\/wp-json\/wp\/v2\/users\/1"}],"replies":[{"embeddable":true,"href":"https:\/\/tvbrazilusa.com\/pt\/wp-json\/wp\/v2\/comments?post=101922"}],"version-history":[{"count":1,"href":"https:\/\/tvbrazilusa.com\/pt\/wp-json\/wp\/v2\/posts\/101922\/revisions"}],"predecessor-version":[{"id":101924,"href":"https:\/\/tvbrazilusa.com\/pt\/wp-json\/wp\/v2\/posts\/101922\/revisions\/101924"}],"wp:featuredmedia":[{"embeddable":true,"href":"https:\/\/tvbrazilusa.com\/pt\/wp-json\/wp\/v2\/media\/101923"}],"wp:attachment":[{"href":"https:\/\/tvbrazilusa.com\/pt\/wp-json\/wp\/v2\/media?parent=101922"}],"wp:term":[{"taxonomy":"category","embeddable":true,"href":"https:\/\/tvbrazilusa.com\/pt\/wp-json\/wp\/v2\/categories?post=101922"},{"taxonomy":"post_tag","embeddable":true,"href":"https:\/\/tvbrazilusa.com\/pt\/wp-json\/wp\/v2\/tags?post=101922"}],"curies":[{"name":"wp","href":"https:\/\/api.w.org\/{rel}","templated":true}]}}