{"id":101977,"date":"2025-02-12T12:35:49","date_gmt":"2025-02-12T12:35:49","guid":{"rendered":"https:\/\/tvbrazilusa.com\/2025\/02\/12\/lula-comete-erro-e-coloca-a-cop-30-no-amapa-chamando-macapa-de-estado\/"},"modified":"2025-02-12T12:35:50","modified_gmt":"2025-02-12T12:35:50","slug":"lula-comete-erro-e-coloca-a-cop-30-no-amapa-chamando-macapa-de-estado","status":"publish","type":"post","link":"https:\/\/tvbrazilusa.com\/pt\/2025\/02\/12\/lula-comete-erro-e-coloca-a-cop-30-no-amapa-chamando-macapa-de-estado\/","title":{"rendered":"Lula comete erro e coloca a COP-30 no Amap\u00e1, chamando Macap\u00e1 de estado"},"content":{"rendered":"<p> <script async src=\"https:\/\/pagead2.googlesyndication.com\/pagead\/js\/adsbygoogle.js?client=ca-pub-8864793242727901\"\r\n     crossorigin=\"anonymous\"><\/script><br \/>\n<\/p>\n<div id=\"taboola-read-more\" style=\"display:block; width:100%\">\n<p>O presidente Lula concede, nesta quarta, uma entrevista para a R\u00e1dio Di\u00e1rio FM, de Macap\u00e1. Ao falar da COP-30, marcada para novembro em Bel\u00e9m, no estado vizinho, o Par\u00e1, o petista se atrapalhou e acabou transferindo o local da confer\u00eancia para o Amap\u00e1.\n<\/p>\n<p>\u201cVamos fazer a COP-30 da qual o Amap\u00e1 vai se colocar como o estado exemplo de preserva\u00e7\u00e3o ambiental. O Macap\u00e1 possivelmente seja o estado brasileiro com menos desmatamento nesse instante\u201d, disse o petista.<\/p>\n<p>\u201cIsso \u00e9 importante para gente mostrar ao mundo que vem aqui ver a Amaz\u00f4nia, porque muita gente d\u00e1 palpite na Amaz\u00f4nia, mas poucos conhecem a Amaz\u00f4nia. Ent\u00e3o, quando n\u00f3s decidimos fazer a COP no Amap\u00e1, \u00e9 porque n\u00f3s decidimos: pare de falar da Amaz\u00f4nia e venha conhecer a Amaz\u00f4nia\u201d, disse Lula.\n<\/p>\n<p>Na sequ\u00eancia um dos apresentadores registrou que a COP-30 ser\u00e1 realizada em Bel\u00e9m e questionou o petista sobre a explora\u00e7\u00e3o de petr\u00f3leo na Margem Equatorial do Amap\u00e1.\n<\/p>\n<p>\u201cN\u00e3o \u00e9 que eu vou mandar explorar, eu quero que ele seja explorado\u201d, afirmou. \u201cAgora, antes de explorar, n\u00f3s temos que pesquisar\u2026 N\u00f3s temos que ver se tem petr\u00f3leo, n\u00f3s temos que ver a quantidade de petr\u00f3leo, porque muitas vezes voc\u00ea cava um buraco de 2.000 metros de profundidade e voc\u00ea n\u00e3o encontra o que imaginava encontrar\u201d, seguiu Lula.\n<\/p>\n<p>Fonte: Veja              <\/p>\n<\/div>\n<p><br \/>\n<br \/><a href=\"https:\/\/diariodobrasilnoticias.com.br\/noticia\/lula-comete-erro-e-coloca-a-cop-30-no-amapa-chamando-macapa-de-estado-67ac94881ab4b\">Source link <\/a><\/p>","protected":false},"excerpt":{"rendered":"<p>O presidente Lula concede, nesta quarta, uma entrevista para a R\u00e1dio Di\u00e1rio FM, de Macap\u00e1. Ao falar da COP-30, marcada para novembro em Bel\u00e9m, no estado vizinho, o Par\u00e1, o&hellip;<\/p>","protected":false},"author":1,"featured_media":101978,"comment_status":"closed","ping_status":"open","sticky":false,"template":"","format":"standard","meta":{"content-type":"","footnotes":""},"categories":[16],"tags":[123,2448,5313,1267],"class_list":["post-101977","post","type-post","status-publish","format-standard","has-post-thumbnail","hentry","category-noticias","tag-brasil","tag-diario","tag-noticia","tag-noticias"],"_links":{"self":[{"href":"https:\/\/tvbrazilusa.com\/pt\/wp-json\/wp\/v2\/posts\/101977","targetHints":{"allow":["GET"]}}],"collection":[{"href":"https:\/\/tvbrazilusa.com\/pt\/wp-json\/wp\/v2\/posts"}],"about":[{"href":"https:\/\/tvbrazilusa.com\/pt\/wp-json\/wp\/v2\/types\/post"}],"author":[{"embeddable":true,"href":"https:\/\/tvbrazilusa.com\/pt\/wp-json\/wp\/v2\/users\/1"}],"replies":[{"embeddable":true,"href":"https:\/\/tvbrazilusa.com\/pt\/wp-json\/wp\/v2\/comments?post=101977"}],"version-history":[{"count":1,"href":"https:\/\/tvbrazilusa.com\/pt\/wp-json\/wp\/v2\/posts\/101977\/revisions"}],"predecessor-version":[{"id":101979,"href":"https:\/\/tvbrazilusa.com\/pt\/wp-json\/wp\/v2\/posts\/101977\/revisions\/101979"}],"wp:featuredmedia":[{"embeddable":true,"href":"https:\/\/tvbrazilusa.com\/pt\/wp-json\/wp\/v2\/media\/101978"}],"wp:attachment":[{"href":"https:\/\/tvbrazilusa.com\/pt\/wp-json\/wp\/v2\/media?parent=101977"}],"wp:term":[{"taxonomy":"category","embeddable":true,"href":"https:\/\/tvbrazilusa.com\/pt\/wp-json\/wp\/v2\/categories?post=101977"},{"taxonomy":"post_tag","embeddable":true,"href":"https:\/\/tvbrazilusa.com\/pt\/wp-json\/wp\/v2\/tags?post=101977"}],"curies":[{"name":"wp","href":"https:\/\/api.w.org\/{rel}","templated":true}]}}