{"id":102018,"date":"2025-02-12T15:05:49","date_gmt":"2025-02-12T15:05:49","guid":{"rendered":"https:\/\/tvbrazilusa.com\/2025\/02\/12\/homem-cumpre-mais-de-5-anos-de-prisao-por-crime-que-nao-cometeu\/"},"modified":"2025-02-12T15:05:55","modified_gmt":"2025-02-12T15:05:55","slug":"homem-cumpre-mais-de-5-anos-de-prisao-por-crime-que-nao-cometeu","status":"publish","type":"post","link":"https:\/\/tvbrazilusa.com\/pt\/2025\/02\/12\/homem-cumpre-mais-de-5-anos-de-prisao-por-crime-que-nao-cometeu\/","title":{"rendered":"Homem cumpre mais de 5 anos de pris\u00e3o por crime que n\u00e3o cometeu"},"content":{"rendered":"<p> <script async src=\"https:\/\/pagead2.googlesyndication.com\/pagead\/js\/adsbygoogle.js?client=ca-pub-8864793242727901\"\r\n     crossorigin=\"anonymous\"><\/script><br \/>\n<\/p>\n<div id=\"artigo-texto-content\">\n<p>O Minist\u00e9rio P\u00fablico do Rio Grande do Norte (MPRN) identificou o caso de um homem detido na Penitenci\u00e1ria Estadual de Alca\u00e7uz, em N\u00edsia Floresta, cumprindo uma pena privativa de liberdade em regime fechado para a qual n\u00e3o foi condenado. O homem estava registrado no Sistema de Administra\u00e7\u00e3o Penitenci\u00e1ria (Siapen) como preso pelo crime de estupro de vulner\u00e1vel. O detido, no entanto, n\u00e3o havia sido condenado pelo crime.\n<\/p>\n<p>Em 2024, durante uma an\u00e1lise de rotina da 77\u00aa Promotoria de Justi\u00e7a de Natal, foi identificado o caso. Na ocasi\u00e3o, foi verificado que o detento havia entrado no Sistema Penitenci\u00e1rio em 2019 atrav\u00e9s de uma pris\u00e3o preventiva devido a um furto. No entanto, ao ser registrado no Siapen o homem foi erroneamente registrado como sendo outra pessoa.<\/p>\n<p>O processo de execu\u00e7\u00e3o penal passou, ent\u00e3o, a correr como se o cidad\u00e3o tivesse respondendo pelo crime de estupro de vulner\u00e1vel, com pena de 14 anos e 4 meses de reclus\u00e3o iniciando em regime fechado.\n<\/p>\n<p>Ao constatar o erro, a Promotoria de Justi\u00e7a diligenciou para que fosse feita a correta identifica\u00e7\u00e3o da pessoa presa. Neste momento, foi verificado que os dois homens, o detido e o verdadeiro condenado pelo crime, possu\u00edam nomes semelhantes e a mesma data de nascimento.\n<\/p>\n<p>No entanto, era poss\u00edvel identificar pelos n\u00fameros dos documentos pessoais e pelos nomes das genitoras que se tratavam de pessoas diversas. Al\u00e9m disso, as fotografias de ambos tamb\u00e9m demonstravam serem duas pessoas diferentes, sendo que a detida n\u00e3o era a verdadeira autora do fato.\n<\/p>\n<p>Em janeiro deste ano, o verdadeiro condenado pelo crime de estupro de vulner\u00e1vel foi preso. Atualmente, o homem se encontra detido respondendo pelo crime. J\u00e1 o cidad\u00e3o identificado de forma errada no Siapen se encontra em liberdade, visto que atualmente n\u00e3o pesa sobre ele nenhum mandado de pris\u00e3o, conforme verificado no Banco Nacional de Medidas Penais e Pris\u00f5es (BNMP).\n<\/p>\n<\/div>\n<p><br \/>\n<br \/><a href=\"https:\/\/diariodobrasilnoticias.com.br\/noticia\/homem-cumpre-mais-de-5-anos-de-prisao-por-crime-que-nao-cometeu-67ac96a205737\">Source link <\/a><\/p>","protected":false},"excerpt":{"rendered":"<p>O Minist\u00e9rio P\u00fablico do Rio Grande do Norte (MPRN) identificou o caso de um homem detido na Penitenci\u00e1ria Estadual de Alca\u00e7uz, em N\u00edsia Floresta, cumprindo uma pena privativa de liberdade&hellip;<\/p>","protected":false},"author":1,"featured_media":102019,"comment_status":"closed","ping_status":"open","sticky":false,"template":"","format":"standard","meta":{"content-type":"","footnotes":""},"categories":[16],"tags":[123,2448,5313,1267],"class_list":["post-102018","post","type-post","status-publish","format-standard","has-post-thumbnail","hentry","category-noticias","tag-brasil","tag-diario","tag-noticia","tag-noticias"],"_links":{"self":[{"href":"https:\/\/tvbrazilusa.com\/pt\/wp-json\/wp\/v2\/posts\/102018","targetHints":{"allow":["GET"]}}],"collection":[{"href":"https:\/\/tvbrazilusa.com\/pt\/wp-json\/wp\/v2\/posts"}],"about":[{"href":"https:\/\/tvbrazilusa.com\/pt\/wp-json\/wp\/v2\/types\/post"}],"author":[{"embeddable":true,"href":"https:\/\/tvbrazilusa.com\/pt\/wp-json\/wp\/v2\/users\/1"}],"replies":[{"embeddable":true,"href":"https:\/\/tvbrazilusa.com\/pt\/wp-json\/wp\/v2\/comments?post=102018"}],"version-history":[{"count":1,"href":"https:\/\/tvbrazilusa.com\/pt\/wp-json\/wp\/v2\/posts\/102018\/revisions"}],"predecessor-version":[{"id":102020,"href":"https:\/\/tvbrazilusa.com\/pt\/wp-json\/wp\/v2\/posts\/102018\/revisions\/102020"}],"wp:featuredmedia":[{"embeddable":true,"href":"https:\/\/tvbrazilusa.com\/pt\/wp-json\/wp\/v2\/media\/102019"}],"wp:attachment":[{"href":"https:\/\/tvbrazilusa.com\/pt\/wp-json\/wp\/v2\/media?parent=102018"}],"wp:term":[{"taxonomy":"category","embeddable":true,"href":"https:\/\/tvbrazilusa.com\/pt\/wp-json\/wp\/v2\/categories?post=102018"},{"taxonomy":"post_tag","embeddable":true,"href":"https:\/\/tvbrazilusa.com\/pt\/wp-json\/wp\/v2\/tags?post=102018"}],"curies":[{"name":"wp","href":"https:\/\/api.w.org\/{rel}","templated":true}]}}