{"id":102027,"date":"2025-02-12T15:24:59","date_gmt":"2025-02-12T15:24:59","guid":{"rendered":"https:\/\/tvbrazilusa.com\/2025\/02\/12\/ordem-de-trump-que-fez-hillary-clinton-gargalhando-nenhum-problema-de-riso-para-reporteres\/"},"modified":"2025-02-12T15:27:31","modified_gmt":"2025-02-12T15:27:31","slug":"ordem-de-trump-que-fez-hillary-clinton-gargalhando-nenhum-problema-de-riso-para-reporteres","status":"publish","type":"post","link":"https:\/\/tvbrazilusa.com\/pt\/2025\/02\/12\/ordem-de-trump-que-fez-hillary-clinton-gargalhando-nenhum-problema-de-riso-para-reporteres\/","title":{"rendered":"Ordem de Trump que fez Hillary Clinton gargalhando nenhum problema de riso para rep\u00f3rteres"},"content":{"rendered":"<script async src=\"https:\/\/pagead2.googlesyndication.com\/pagead\/js\/adsbygoogle.js?client=ca-pub-8864793242727901\"\r\n     crossorigin=\"anonymous\"><\/script>\n<div>\n<p class=\"article__paragraph article__paragraph--left\" id=\"UHPA726LGFB7VG3UUIE3Z25E7Y\">Presidente <a href=\"https:\/\/www.nj.com\/topic\/donald-trump\/\" target=\"_blank\" rel=\"\">Donald Trump<\/a> dizendo em sua inaugura\u00e7\u00e3o que ele planejava mudar o nome do Golfo do M\u00e9xico para o &#8220;Golfo da Am\u00e9rica&#8221; \u200b\u200benviado <a href=\"https:\/\/www.nj.com\/politics\/2024\/03\/hillary-clinton-says-the-unthinkable.html\" target=\"_blank\" rel=\"\">Hillary Clinton<\/a> em um ataque de risadas.<\/p>\n<p class=\"article__paragraph article__paragraph--left\" id=\"MS3OPEFHAVFZXEPDGWFRWSWLMQ\">Mas n\u00e3o \u00e9 uma quest\u00e3o de riso para a Associated Press.<\/p>\n<p class=\"article__paragraph article__paragraph--left\" id=\"WIO6MKTGH5DZHCCY4KWVFO7III\">A Casa Branca bloqueou um rep\u00f3rter da Associated Press de um evento no Sal\u00e3o Oval na ter\u00e7a -feira, depois de exigir que a ag\u00eancia de not\u00edcias altere seu estilo no Golfo do M\u00e9xico, que Trump ordenou renomeado o Golfo da Am\u00e9rica.<\/p>\n<p class=\"article__paragraph article__paragraph--left\" id=\"OHA4TPCRBBGYVI2QXMBRKMLABI\">O rep\u00f3rter, a quem a AP n\u00e3o se identificaria, tentou entrar no evento da Casa Branca, como de costume, na tarde de ter\u00e7a -feira e foi recusado. Mais tarde, um segundo rep\u00f3rter da AP foi barrado de um evento tardio na sala de recep\u00e7\u00e3o diplom\u00e1tica da Casa Branca.<\/p>\n<p class=\"article__paragraph article__paragraph--left\" id=\"FBD3QMUJURFVTJRJNEWRA4PEKE\">A proibi\u00e7\u00e3o altamente incomum, que os funcion\u00e1rios do governo Trump amea\u00e7aram na ter\u00e7a-feira, a menos que a AP mudasse o estilo no Golfo, poderia ter implica\u00e7\u00f5es constitucionais de fala livre. <\/p>\n<p class=\"article__paragraph article__paragraph--left\" id=\"M2JWOQXJWRD45M6OWS3NZLR544\">Julie Pace, vice -presidente s\u00eanior da AP e editora executiva, chamou a a\u00e7\u00e3o do governo inaceit\u00e1vel.<\/p>\n<p class=\"article__paragraph article__paragraph--left\" id=\"FFDV5734NVDCVATCSMCLXO6GZQ\">Aqui est\u00e1 a declara\u00e7\u00e3o de Pace:<\/p>\n<p class=\"article__paragraph article__paragraph--left\" id=\"CECD3OU6BJCCFMW5YVHEOSG4NY\"><i>\u201cComo uma organiza\u00e7\u00e3o global de not\u00edcias, a Associated Press informa bilh\u00f5es de pessoas em todo o mundo todos os dias com jornalismo factual e apartid\u00e1rio. Hoje, fomos informados pela Casa Branca que, se a AP n\u00e3o alinhar seus padr\u00f5es editoriais com a ordem executiva do presidente Donald Trump, renomeando o Golfo do M\u00e9xico como o Golfo da Am\u00e9rica, a AP seria impedida de acessar um evento no Sal\u00e3o Oval. O rep\u00f3rter da AP desta tarde foi impedido de participar de uma assinatura de ordem executiva. \u00c9 alarmante que o governo Trump punisse a AP por seu jornalismo independente. Limitando nosso acesso ao escrit\u00f3rio oval com base no conte\u00fado do discurso da AP n\u00e3o apenas impede severamente o acesso do p\u00fablico a not\u00edcias independentes, mas tamb\u00e9m viola a Primeira Emenda. \u201d<\/i><\/p>\n<p class=\"article__paragraph article__paragraph--left\" id=\"BOAI5YU6IBEX3HI7YYD724C5CM\"><i>A Associated Press contribuiu para este relat\u00f3rio.<\/i><\/p>\n<section class=\"Stories-By-Author-module_wrapper__ezbcK Stories-By-Author-module_nj__Ap1-Y\"\/><\/div>\n<p><br \/>\n<br \/><a href=\"https:\/\/www.nj.com\/politics\/2025\/02\/trumps-order-that-had-hillary-clinton-cackling-no-laughing-matter-for-reporters.html\">Source link <\/a><\/p>","protected":false},"excerpt":{"rendered":"<p>Presidente Donald Trump dizendo em sua inaugura\u00e7\u00e3o que ele planejava mudar o nome do Golfo do M\u00e9xico para o &#8220;Golfo da Am\u00e9rica&#8221; \u200b\u200benviado Hillary Clinton em um ataque de risadas.&hellip;<\/p>","protected":false},"author":1,"featured_media":102028,"comment_status":"closed","ping_status":"open","sticky":false,"template":"","format":"standard","meta":{"content-type":"","footnotes":""},"categories":[1],"tags":[],"class_list":["post-102027","post","type-post","status-publish","format-standard","has-post-thumbnail","hentry","category-uncategorized"],"_links":{"self":[{"href":"https:\/\/tvbrazilusa.com\/pt\/wp-json\/wp\/v2\/posts\/102027","targetHints":{"allow":["GET"]}}],"collection":[{"href":"https:\/\/tvbrazilusa.com\/pt\/wp-json\/wp\/v2\/posts"}],"about":[{"href":"https:\/\/tvbrazilusa.com\/pt\/wp-json\/wp\/v2\/types\/post"}],"author":[{"embeddable":true,"href":"https:\/\/tvbrazilusa.com\/pt\/wp-json\/wp\/v2\/users\/1"}],"replies":[{"embeddable":true,"href":"https:\/\/tvbrazilusa.com\/pt\/wp-json\/wp\/v2\/comments?post=102027"}],"version-history":[{"count":1,"href":"https:\/\/tvbrazilusa.com\/pt\/wp-json\/wp\/v2\/posts\/102027\/revisions"}],"predecessor-version":[{"id":102029,"href":"https:\/\/tvbrazilusa.com\/pt\/wp-json\/wp\/v2\/posts\/102027\/revisions\/102029"}],"wp:featuredmedia":[{"embeddable":true,"href":"https:\/\/tvbrazilusa.com\/pt\/wp-json\/wp\/v2\/media\/102028"}],"wp:attachment":[{"href":"https:\/\/tvbrazilusa.com\/pt\/wp-json\/wp\/v2\/media?parent=102027"}],"wp:term":[{"taxonomy":"category","embeddable":true,"href":"https:\/\/tvbrazilusa.com\/pt\/wp-json\/wp\/v2\/categories?post=102027"},{"taxonomy":"post_tag","embeddable":true,"href":"https:\/\/tvbrazilusa.com\/pt\/wp-json\/wp\/v2\/tags?post=102027"}],"curies":[{"name":"wp","href":"https:\/\/api.w.org\/{rel}","templated":true}]}}