{"id":10203,"date":"2024-07-27T22:33:17","date_gmt":"2024-07-27T22:33:17","guid":{"rendered":"https:\/\/tvbrazilusa.com\/2024\/07\/27\/famosa-cantora-de-mpb-nana-caymmi-e-internada-em-hospital\/"},"modified":"2024-07-27T22:42:01","modified_gmt":"2024-07-27T22:42:01","slug":"famosa-cantora-de-mpb-nana-caymmi-e-internada-em-hospital","status":"publish","type":"post","link":"https:\/\/tvbrazilusa.com\/pt\/2024\/07\/27\/famosa-cantora-de-mpb-nana-caymmi-e-internada-em-hospital\/","title":{"rendered":"Famosa cantora de MPB, Nana Caymmi \u00e9 internada em hospital"},"content":{"rendered":"<p> <script async src=\"https:\/\/pagead2.googlesyndication.com\/pagead\/js\/adsbygoogle.js?client=ca-pub-8864793242727901\"\r\n     crossorigin=\"anonymous\"><\/script><br \/>\n<\/p>\n<div>\n<p>A renomada cantora Nana Caymmi, uma das vozes mais marcantes da MPB, foi internada na Unidade Coronariana da Casa de Sa\u00fade S\u00e3o Jos\u00e9, localizada no bairro Humait\u00e1, Zona Sul do Rio de Janeiro. O incidente ocorreu na madrugada desta sexta-feira (26), e a artista foi diagnosticada com arritmia card\u00edaca.<\/p>\n<p>Segundo informa\u00e7\u00f5es divulgadas pelo jornal \u201cO Globo\u201d, Stella Caymmi, filha da cantora, relatou que a m\u00e3e foi hospitalizada ap\u00f3s ter sofrido duas gripes severas que, juntamente com a tosse intensa, podem ter sobrecarregado o cora\u00e7\u00e3o. A previs\u00e3o de alta ainda n\u00e3o foi determinada, mas a expectativa \u00e9 de uma recupera\u00e7\u00e3o assim que a arritmia for controlada.<\/p>\n<h2 class=\"wp-block-heading\">Como est\u00e1 o estado de sa\u00fade de Nana Caymmi?<\/h2>\n<p>Stella Caymmi afirmou que a prioridade no momento \u00e9 estabilizar a condi\u00e7\u00e3o card\u00edaca da m\u00e3e. \u201cAssim que a arritmia for controlada, ela deve voltar para casa. Estamos otimistas com o tratamento\u201d, afirmou Stella.<\/p>\n<p>Muitos f\u00e3s e amigos da artista est\u00e3o preocupados com sua sa\u00fade, especialmente porque Nana Caymmi adotou uma postura mais reclusa nos \u00faltimos anos, dedicando-se a gravar discos em casa e evitando apari\u00e7\u00f5es p\u00fablicas frequentes. Em entrevista ao jornal \u201cO Globo\u201d em 2021, Nana revelou que estava satisfeita com essa nova fase da vida, onde podia se dedicar \u00e0 m\u00fasica sem a press\u00e3o dos shows e das viagens constantes.<\/p>\n<h2 class=\"wp-block-heading\">Qual o impacto das doen\u00e7as recentes na sa\u00fade da cantora Nana Caymmi?<\/h2>\n<p>Al\u00e9m do epis\u00f3dio atual de arritmia card\u00edaca, Nana Caymmi j\u00e1 enfrentou outros desafios de sa\u00fade no passado. H\u00e1 oito anos, a cantora passou por uma cirurgia para remo\u00e7\u00e3o de um tumor cancer\u00edgeno na parte externa do est\u00f4mago. Essa experi\u00eancia fez com que Nana se tornasse mais cuidadosa em rela\u00e7\u00e3o \u00e0 sua sa\u00fade e preferisse uma vida mais tranquila e focada em suas paix\u00f5es, como a m\u00fasica.<\/p>\n<p>Durante a pandemia de COVID-19, a artista gravou dois \u00e1lbuns que homenageiam figuras importantes da MPB. Em 2019, lan\u00e7ou um tributo ao cantor e compositor Tito Madi, e em 2020, dedicou um \u00e1lbum \u00e0s obras de Tom Jobim e Vin\u00edcius de Moraes. \u201cCanto muito em casa, acompanhando discos, acompanhando \u00f3peras. Ningu\u00e9m me ouve para aplaudir, mas isso n\u00e3o faz a menor diferen\u00e7a\u201d, disse Nana na entrevista ao jornal \u201cO Globo\u201d.<\/p>\n<h2 class=\"wp-block-heading\">Qual foi a rea\u00e7\u00e3o do p\u00fablico e dos f\u00e3s de Nana Caymmi?<\/h2>\n<p>A not\u00edcia da hospitaliza\u00e7\u00e3o de Nana Caymmi gerou uma onda de apoio nas redes sociais. F\u00e3s e amigos da cantora expressaram seu carinho e esperan\u00e7a de que ela se recupere em breve. Veja algumas das rea\u00e7\u00f5es:<\/p>\n<ul class=\"wp-block-list\">\n<li>\u201cFor\u00e7a, Nana! Estamos com voc\u00ea em pensamento e ora\u00e7\u00f5es\u201d \u2013 F\u00e3 no Twitter.<\/li>\n<li>\u201cNana \u00e9 uma das grandes estrelas da nossa m\u00fasica. Desejo uma r\u00e1pida recupera\u00e7\u00e3o\u201d \u2013 Amigo e cantor, Ivan Lins.<\/li>\n<li>\u201cEla sempre foi uma guerreira. Tenho certeza de que vai superar mais essa\u201d \u2013 F\u00e3 no Facebook.<\/li>\n<\/ul>\n<p>O carinho e a gratid\u00e3o do p\u00fablico s\u00e3o um reflexo do impacto que Nana Caymmi teve na m\u00fasica popular brasileira ao longo das d\u00e9cadas. Sua voz poderosa e emocionalmente carregada conquistou v\u00e1rias gera\u00e7\u00f5es de ouvintes, tornando-se uma refer\u00eancia no cen\u00e1rio musical do pa\u00eds.<\/p>\n<h2 class=\"wp-block-heading\">O que esperar do futuro de Nana Caymmi?<\/h2>\n<p>Apesar dos desafios de sa\u00fade, Nana Caymmi segue firme em seu amor pela m\u00fasica. Sua dedica\u00e7\u00e3o e paix\u00e3o s\u00e3o evidentes em seus mais recentes projetos. O futuro da artista, assim como sua m\u00fasica, continua a ser uma inspira\u00e7\u00e3o para muitos.<\/p>\n<p>A medida que mais informa\u00e7\u00f5es sobre sua condi\u00e7\u00e3o emergirem, manteremos os leitores atualizados. Por enquanto, a comunidade musical e os f\u00e3s de Nana Caymmi est\u00e3o unidos em esperan\u00e7a e solidariedade, aguardando seu retorno \u00e0 sa\u00fade plena.<\/p>\n<\/p><\/div>\n<p><br \/>\n<br \/><a href=\"https:\/\/terrabrasilnoticias.com\/2024\/07\/famosa-cantora-de-mpb-nana-caymmi-e-internada-em-hospital\/\">Source link <\/a><\/p>","protected":false},"excerpt":{"rendered":"<p>A renomada cantora Nana Caymmi, uma das vozes mais marcantes da MPB, foi internada na Unidade Coronariana da Casa de Sa\u00fade S\u00e3o Jos\u00e9, localizada no bairro Humait\u00e1, Zona Sul do&hellip;<\/p>","protected":false},"author":1,"featured_media":10204,"comment_status":"closed","ping_status":"open","sticky":false,"template":"","format":"standard","meta":{"content-type":"","footnotes":""},"categories":[16],"tags":[],"class_list":["post-10203","post","type-post","status-publish","format-standard","has-post-thumbnail","hentry","category-noticias"],"_links":{"self":[{"href":"https:\/\/tvbrazilusa.com\/pt\/wp-json\/wp\/v2\/posts\/10203","targetHints":{"allow":["GET"]}}],"collection":[{"href":"https:\/\/tvbrazilusa.com\/pt\/wp-json\/wp\/v2\/posts"}],"about":[{"href":"https:\/\/tvbrazilusa.com\/pt\/wp-json\/wp\/v2\/types\/post"}],"author":[{"embeddable":true,"href":"https:\/\/tvbrazilusa.com\/pt\/wp-json\/wp\/v2\/users\/1"}],"replies":[{"embeddable":true,"href":"https:\/\/tvbrazilusa.com\/pt\/wp-json\/wp\/v2\/comments?post=10203"}],"version-history":[{"count":1,"href":"https:\/\/tvbrazilusa.com\/pt\/wp-json\/wp\/v2\/posts\/10203\/revisions"}],"predecessor-version":[{"id":10205,"href":"https:\/\/tvbrazilusa.com\/pt\/wp-json\/wp\/v2\/posts\/10203\/revisions\/10205"}],"wp:featuredmedia":[{"embeddable":true,"href":"https:\/\/tvbrazilusa.com\/pt\/wp-json\/wp\/v2\/media\/10204"}],"wp:attachment":[{"href":"https:\/\/tvbrazilusa.com\/pt\/wp-json\/wp\/v2\/media?parent=10203"}],"wp:term":[{"taxonomy":"category","embeddable":true,"href":"https:\/\/tvbrazilusa.com\/pt\/wp-json\/wp\/v2\/categories?post=10203"},{"taxonomy":"post_tag","embeddable":true,"href":"https:\/\/tvbrazilusa.com\/pt\/wp-json\/wp\/v2\/tags?post=10203"}],"curies":[{"name":"wp","href":"https:\/\/api.w.org\/{rel}","templated":true}]}}