{"id":102042,"date":"2025-02-12T16:07:06","date_gmt":"2025-02-12T16:07:06","guid":{"rendered":"https:\/\/tvbrazilusa.com\/2025\/02\/12\/empresario-tem-as-pernas-amputadas-apos-queimar-dedo-em-frigideira-entenda\/"},"modified":"2025-02-12T16:07:07","modified_gmt":"2025-02-12T16:07:07","slug":"empresario-tem-as-pernas-amputadas-apos-queimar-dedo-em-frigideira-entenda","status":"publish","type":"post","link":"https:\/\/tvbrazilusa.com\/pt\/2025\/02\/12\/empresario-tem-as-pernas-amputadas-apos-queimar-dedo-em-frigideira-entenda\/","title":{"rendered":"Empres\u00e1rio tem as pernas amputadas ap\u00f3s queimar dedo em frigideira; ENTENDA"},"content":{"rendered":"<p> <script async src=\"https:\/\/pagead2.googlesyndication.com\/pagead\/js\/adsbygoogle.js?client=ca-pub-8864793242727901\"\r\n     crossorigin=\"anonymous\"><\/script><br \/>\n<\/p>\n<div data-block-type=\"unstyled\" data-block-weight=\"67\" data-block-id=\"5\">\n<p class=\"content-text__container\" data-track-category=\"Link no Texto\" data-track-links=\"\" data-mrf-recirculation=\"Article links\">\u201cDois dias depois da queimadura, uma das minhas pernas come\u00e7ou a inchar. Achei que tinha machucado o tornozelo em algum momento sem perceber. Naquele momento, n\u00e3o havia dor intensa, mas era apenas o segundo dia. No dia 7 de dezembro, decidi voltar para casa e um amigo sugeriu que f\u00f4ssemos ao hospital. A essa altura, minhas unhas come\u00e7aram a ficar roxas e o incha\u00e7o piorou.\u201d\n<\/p>\n<\/div>\n<p><br \/>\n<br \/><a href=\"https:\/\/diariodobrasilnoticias.com.br\/noticia\/empresario-tem-as-pernas-amputadas-apos-queimar-dedo-em-frigideira-67acb33f5ee29\">Source link <\/a><\/p>","protected":false},"excerpt":{"rendered":"<p>\u201cDois dias depois da queimadura, uma das minhas pernas come\u00e7ou a inchar. Achei que tinha machucado o tornozelo em algum momento sem perceber. Naquele momento, n\u00e3o havia dor intensa, mas&hellip;<\/p>","protected":false},"author":1,"featured_media":102043,"comment_status":"closed","ping_status":"open","sticky":false,"template":"","format":"standard","meta":{"content-type":"","footnotes":""},"categories":[16],"tags":[123,2448,5313,1267],"class_list":["post-102042","post","type-post","status-publish","format-standard","has-post-thumbnail","hentry","category-noticias","tag-brasil","tag-diario","tag-noticia","tag-noticias"],"_links":{"self":[{"href":"https:\/\/tvbrazilusa.com\/pt\/wp-json\/wp\/v2\/posts\/102042","targetHints":{"allow":["GET"]}}],"collection":[{"href":"https:\/\/tvbrazilusa.com\/pt\/wp-json\/wp\/v2\/posts"}],"about":[{"href":"https:\/\/tvbrazilusa.com\/pt\/wp-json\/wp\/v2\/types\/post"}],"author":[{"embeddable":true,"href":"https:\/\/tvbrazilusa.com\/pt\/wp-json\/wp\/v2\/users\/1"}],"replies":[{"embeddable":true,"href":"https:\/\/tvbrazilusa.com\/pt\/wp-json\/wp\/v2\/comments?post=102042"}],"version-history":[{"count":1,"href":"https:\/\/tvbrazilusa.com\/pt\/wp-json\/wp\/v2\/posts\/102042\/revisions"}],"predecessor-version":[{"id":102044,"href":"https:\/\/tvbrazilusa.com\/pt\/wp-json\/wp\/v2\/posts\/102042\/revisions\/102044"}],"wp:featuredmedia":[{"embeddable":true,"href":"https:\/\/tvbrazilusa.com\/pt\/wp-json\/wp\/v2\/media\/102043"}],"wp:attachment":[{"href":"https:\/\/tvbrazilusa.com\/pt\/wp-json\/wp\/v2\/media?parent=102042"}],"wp:term":[{"taxonomy":"category","embeddable":true,"href":"https:\/\/tvbrazilusa.com\/pt\/wp-json\/wp\/v2\/categories?post=102042"},{"taxonomy":"post_tag","embeddable":true,"href":"https:\/\/tvbrazilusa.com\/pt\/wp-json\/wp\/v2\/tags?post=102042"}],"curies":[{"name":"wp","href":"https:\/\/api.w.org\/{rel}","templated":true}]}}