{"id":102054,"date":"2025-02-12T16:31:17","date_gmt":"2025-02-12T16:31:17","guid":{"rendered":"https:\/\/tvbrazilusa.com\/2025\/02\/12\/com-desaprovacao-em-alta-lula-insiste-que-economia-esta-boa\/"},"modified":"2025-02-12T16:31:18","modified_gmt":"2025-02-12T16:31:18","slug":"com-desaprovacao-em-alta-lula-insiste-que-economia-esta-boa","status":"publish","type":"post","link":"https:\/\/tvbrazilusa.com\/pt\/2025\/02\/12\/com-desaprovacao-em-alta-lula-insiste-que-economia-esta-boa\/","title":{"rendered":"Com desaprova\u00e7\u00e3o em alta, Lula insiste que economia est\u00e1 boa"},"content":{"rendered":"<p> <script async src=\"https:\/\/pagead2.googlesyndication.com\/pagead\/js\/adsbygoogle.js?client=ca-pub-8864793242727901\"\r\n     crossorigin=\"anonymous\"><\/script><br \/>\n<\/p>\n<div id=\"taboola-read-more\" style=\"display:block; width:100%\">\n<p>O presidente Luiz In\u00e1cio Lula da Silva (PT) voltou a falar que a economia est\u00e1 crescendo, a infla\u00e7\u00e3o est\u00e1 controlada, e o sal\u00e1rio real e o cr\u00e9dito est\u00e3o aumentando. O petista tem tentado passar uma imagem positiva do governo nas entrevistas que tem dado a r\u00e1dios locais nas \u00faltimas semanas.\n<\/p>\n<p>Nesta quarta-feira (12), foi a vez de Lula dar entrevista \u00e0 R\u00e1dio Di\u00e1rio FM, de Macap\u00e1. Ele disse que est\u00e1 \u201ccom muita vontade de trabalhar, de participar dessa colheita e muita vontade de entregar os resultados dessa colheita para o povo brasileira\u201d.<\/p>\n<p>\u2013 Quem passou dois anos reconstruindo o pa\u00eds agora tem que entregar para o povo o resultado para o povo daquilo que trabalhamos nos \u00faltimos dois anos \u2013 declarou.\n<\/p>\n<p>Lula disse que \u201cquase nada foi feito nesse pa\u00eds\u201d desde que o PT deixou o governo em 2016, com o impeachment da ex-presidente Dilma Rousseff.\n<\/p>\n<p>\u2013 Quase nada foi feito na educa\u00e7\u00e3o, na sa\u00fade, na cultura. Fico olhando para o passado recente para n\u00e3o repetir nenhum erro que eles cometeram \u2013 afirmou.\n<\/p>\n<p>O petista cutucou, ainda, o ex-presidente Jair Bolsonaro (PT), como de costume. Disse que ter\u00e1 os \u201cdois anos mais importantes da minha vida\u201d. Afirmou que quer fazer entregas nos pr\u00f3ximos dois anos e \u201csair de cabe\u00e7a erguida\u201d da Presid\u00eancia, e n\u00e3o \u201cfugir para Miami\u201d, uma refer\u00eancia \u00e0 recusa do ex-presidente em passar a faixa presidencial ap\u00f3s perder as elei\u00e7\u00f5es de 2022.\n<\/p>\n<p>\u2013 Tenho dois anos muito primorosos, os dois anos mais importantes da minha vida. Preciso entregar tudo aquilo que prometi para o povo. Quero entregar porque quero sair de cabe\u00e7a erguida, como entrei. Ir l\u00e1, descer a rampa, cumprimentar o povo. N\u00e3o quero fugir para Miami e nem deixar de colocar a faixa no presidente que ganhar as elei\u00e7\u00f5es. Se algu\u00e9m ganhar, vou l\u00e1 e entrego a faixa \u2013 declarou.\n<\/p>\n<p><strong>DESAPROVA\u00c7\u00c3O<\/strong>\n<\/p>\n<p>Pesquisa AtlasIntel\/Bloomberg divulgada nesta ter\u00e7a (11) evidencia a crescente insatisfa\u00e7\u00e3o do eleitor brasileiro com o presidente Lula. A desaprova\u00e7\u00e3o ao desempenho do petista avan\u00e7ou e chegou a 51,4% no \u00faltimo m\u00eas, marcando o maior \u00edndice de rejei\u00e7\u00e3o desde janeiro de 2024.\n<\/p>\n<p>Dentre os entrevistados, 51,4% desaprovam o governo Lula, enquanto 45,9% aprovam. De dezembro para janeiro houve uma oscila\u00e7\u00e3o para cima no descontentamento com a gest\u00e3o petista em 1,6 ponto percentual. A margem de erro \u00e9 de dois pontos para mais ou para menos.\n<\/p>\n<p>*Com informa\u00e7\u00f5es AE<\/p>\n<p>Fonte: Pleno News              <\/p>\n<\/div>\n<p><br \/>\n<br \/><a href=\"https:\/\/diariodobrasilnoticias.com.br\/noticia\/com-desaprovacao-em-alta-lula-insiste-que-economia-esta-boa-67acb8ad5cea6\">Source link <\/a><\/p>","protected":false},"excerpt":{"rendered":"<p>O presidente Luiz In\u00e1cio Lula da Silva (PT) voltou a falar que a economia est\u00e1 crescendo, a infla\u00e7\u00e3o est\u00e1 controlada, e o sal\u00e1rio real e o cr\u00e9dito est\u00e3o aumentando. O&hellip;<\/p>","protected":false},"author":1,"featured_media":102055,"comment_status":"closed","ping_status":"open","sticky":false,"template":"","format":"standard","meta":{"content-type":"","footnotes":""},"categories":[16],"tags":[123,2448,5313,1267],"class_list":["post-102054","post","type-post","status-publish","format-standard","has-post-thumbnail","hentry","category-noticias","tag-brasil","tag-diario","tag-noticia","tag-noticias"],"_links":{"self":[{"href":"https:\/\/tvbrazilusa.com\/pt\/wp-json\/wp\/v2\/posts\/102054","targetHints":{"allow":["GET"]}}],"collection":[{"href":"https:\/\/tvbrazilusa.com\/pt\/wp-json\/wp\/v2\/posts"}],"about":[{"href":"https:\/\/tvbrazilusa.com\/pt\/wp-json\/wp\/v2\/types\/post"}],"author":[{"embeddable":true,"href":"https:\/\/tvbrazilusa.com\/pt\/wp-json\/wp\/v2\/users\/1"}],"replies":[{"embeddable":true,"href":"https:\/\/tvbrazilusa.com\/pt\/wp-json\/wp\/v2\/comments?post=102054"}],"version-history":[{"count":1,"href":"https:\/\/tvbrazilusa.com\/pt\/wp-json\/wp\/v2\/posts\/102054\/revisions"}],"predecessor-version":[{"id":102056,"href":"https:\/\/tvbrazilusa.com\/pt\/wp-json\/wp\/v2\/posts\/102054\/revisions\/102056"}],"wp:featuredmedia":[{"embeddable":true,"href":"https:\/\/tvbrazilusa.com\/pt\/wp-json\/wp\/v2\/media\/102055"}],"wp:attachment":[{"href":"https:\/\/tvbrazilusa.com\/pt\/wp-json\/wp\/v2\/media?parent=102054"}],"wp:term":[{"taxonomy":"category","embeddable":true,"href":"https:\/\/tvbrazilusa.com\/pt\/wp-json\/wp\/v2\/categories?post=102054"},{"taxonomy":"post_tag","embeddable":true,"href":"https:\/\/tvbrazilusa.com\/pt\/wp-json\/wp\/v2\/tags?post=102054"}],"curies":[{"name":"wp","href":"https:\/\/api.w.org\/{rel}","templated":true}]}}