{"id":102090,"date":"2025-02-12T18:34:56","date_gmt":"2025-02-12T18:34:56","guid":{"rendered":"https:\/\/tvbrazilusa.com\/2025\/02\/12\/malafaia-afirma-que-moraes-fez-do-8-de-janeiro-a-maior-perseguicao-politica-da-historia\/"},"modified":"2025-02-12T18:34:58","modified_gmt":"2025-02-12T18:34:58","slug":"malafaia-afirma-que-moraes-fez-do-8-de-janeiro-a-maior-perseguicao-politica-da-historia","status":"publish","type":"post","link":"https:\/\/tvbrazilusa.com\/pt\/2025\/02\/12\/malafaia-afirma-que-moraes-fez-do-8-de-janeiro-a-maior-perseguicao-politica-da-historia\/","title":{"rendered":"Malafaia afirma que Moraes fez do 8 de janeiro a &#8216;maior persegui\u00e7\u00e3o pol\u00edtica da hist\u00f3ria&#8217;"},"content":{"rendered":"<p> <script async src=\"https:\/\/pagead2.googlesyndication.com\/pagead\/js\/adsbygoogle.js?client=ca-pub-8864793242727901\"\r\n     crossorigin=\"anonymous\"><\/script><br \/>\n<\/p>\n<div>\n<p>O l\u00edder religioso lembrou que a esquerda, em tempos passados, pediu uma &#8220;anistia ampla e irrestrita&#8221; para guerrilheiros que, segundo ele, buscaram implantar o &#8220;comunismo e o governo do proletariado&#8221;. &#8220;Essa gente foi toda liberada&#8221;, disparou, criticando o fato de que os manifestantes do 8 de janeiro, na sua vis\u00e3o, est\u00e3o sendo tratados de maneira desigual. &#8220;Lula e a cambada de ladr\u00f5es e corruptos n\u00e3o foram julgados no STF. Eles foram julgados e condenados na primeira e segunda inst\u00e2ncias, mas continuam livres&#8221;, completou.\n<\/p>\n<p>Malafaia tamb\u00e9m fez uma s\u00e9rie de acusa\u00e7\u00f5es sobre a forma como o governo Lula e o STF lidaram com o ocorrido. Segundo ele, alertas sobre poss\u00edveis manifesta\u00e7\u00f5es violentas foram ignorados, e a a\u00e7\u00e3o das for\u00e7as armadas foi minimizada, ao contr\u00e1rio do que seria esperado em um cen\u00e1rio de golpe. Ele questionou, ainda, o fato de imagens das c\u00e2meras de seguran\u00e7a de Bras\u00edlia terem sido ocultadas pelo ministro da Justi\u00e7a, Fl\u00e1vio Dino. Para o pastor, essas s\u00e3o provas de que o ocorrido foi apenas uma &#8220;baderna&#8221;, e n\u00e3o um golpe como \u00e9 tratado por muitos.<\/p>\n<p>Malafaia conclama por &#8220;anistia j\u00e1&#8221; para aqueles que, segundo ele, est\u00e3o sendo injusti\u00e7ados pela persegui\u00e7\u00e3o pol\u00edtica. &#8220;Donas de casa, m\u00e3es de crian\u00e7as, est\u00e3o na cadeia como golpistas. Isso clama aos c\u00e9us&#8221;, afirmou, fazendo um apelo ao Congresso para acabar com o que considera uma &#8220;safadeza&#8221;.\u00a0<\/p>\n<p>Fonte: Portal Novo Norte\n<\/p>\n<\/div>\n<p><br \/>\n<br \/><a href=\"https:\/\/diariodobrasilnoticias.com.br\/noticia\/malafaia-afirma-que-moraes-fez-do-8-de-janeiro-a-maior-perseguicao-politica-da-historia-67acc5920e7ed\">Source link <\/a><\/p>","protected":false},"excerpt":{"rendered":"<p>O l\u00edder religioso lembrou que a esquerda, em tempos passados, pediu uma &#8220;anistia ampla e irrestrita&#8221; para guerrilheiros que, segundo ele, buscaram implantar o &#8220;comunismo e o governo do proletariado&#8221;.&hellip;<\/p>","protected":false},"author":1,"featured_media":102091,"comment_status":"closed","ping_status":"open","sticky":false,"template":"","format":"standard","meta":{"content-type":"","footnotes":""},"categories":[16],"tags":[123,2448,5313,1267],"class_list":["post-102090","post","type-post","status-publish","format-standard","has-post-thumbnail","hentry","category-noticias","tag-brasil","tag-diario","tag-noticia","tag-noticias"],"_links":{"self":[{"href":"https:\/\/tvbrazilusa.com\/pt\/wp-json\/wp\/v2\/posts\/102090","targetHints":{"allow":["GET"]}}],"collection":[{"href":"https:\/\/tvbrazilusa.com\/pt\/wp-json\/wp\/v2\/posts"}],"about":[{"href":"https:\/\/tvbrazilusa.com\/pt\/wp-json\/wp\/v2\/types\/post"}],"author":[{"embeddable":true,"href":"https:\/\/tvbrazilusa.com\/pt\/wp-json\/wp\/v2\/users\/1"}],"replies":[{"embeddable":true,"href":"https:\/\/tvbrazilusa.com\/pt\/wp-json\/wp\/v2\/comments?post=102090"}],"version-history":[{"count":1,"href":"https:\/\/tvbrazilusa.com\/pt\/wp-json\/wp\/v2\/posts\/102090\/revisions"}],"predecessor-version":[{"id":102092,"href":"https:\/\/tvbrazilusa.com\/pt\/wp-json\/wp\/v2\/posts\/102090\/revisions\/102092"}],"wp:featuredmedia":[{"embeddable":true,"href":"https:\/\/tvbrazilusa.com\/pt\/wp-json\/wp\/v2\/media\/102091"}],"wp:attachment":[{"href":"https:\/\/tvbrazilusa.com\/pt\/wp-json\/wp\/v2\/media?parent=102090"}],"wp:term":[{"taxonomy":"category","embeddable":true,"href":"https:\/\/tvbrazilusa.com\/pt\/wp-json\/wp\/v2\/categories?post=102090"},{"taxonomy":"post_tag","embeddable":true,"href":"https:\/\/tvbrazilusa.com\/pt\/wp-json\/wp\/v2\/tags?post=102090"}],"curies":[{"name":"wp","href":"https:\/\/api.w.org\/{rel}","templated":true}]}}