{"id":102093,"date":"2025-02-12T18:50:24","date_gmt":"2025-02-12T18:50:24","guid":{"rendered":"https:\/\/tvbrazilusa.com\/2025\/02\/12\/incendio-em-fabrica-de-fantasias-e-controlado-apos-resgate-dramatico\/"},"modified":"2025-02-12T18:50:29","modified_gmt":"2025-02-12T18:50:29","slug":"incendio-em-fabrica-de-fantasias-e-controlado-apos-resgate-dramatico","status":"publish","type":"post","link":"https:\/\/tvbrazilusa.com\/pt\/2025\/02\/12\/incendio-em-fabrica-de-fantasias-e-controlado-apos-resgate-dramatico\/","title":{"rendered":"Inc\u00eandio em f\u00e1brica de fantasias \u00e9 controlado ap\u00f3s resgate dram\u00e1tico"},"content":{"rendered":"<p> <script async src=\"https:\/\/pagead2.googlesyndication.com\/pagead\/js\/adsbygoogle.js?client=ca-pub-8864793242727901\"\r\n     crossorigin=\"anonymous\"><\/script><br \/>\n<\/p>\n<div>\n<figure class=\"post-image\">\n<\/figure>\n<p>            <span style=\"font-size: 12px\">Reprodu\u00e7\u00e3o<\/span><\/p>\n<p>            <!-- end metas --><br \/>\n            <!-- ADS --><\/p>\n<div id=\"taboola-read-more\" style=\"display:block; width:100%\">\n<p>O inc\u00eandio que atingiu uma f\u00e1brica de fantasias de Carnaval na Rua Roberto Silva, em Ramos, na zona norte do Rio de Janeiro, nesta quarta-feira (12\/2), foi controlado depois de quase cinco horas. O resgate dos funcion\u00e1rios, feito pelo Corpo de Bombeiros, foi dram\u00e1tico: imagens mostraram pessoas presas \u00e0s janelas, acuadas pelo fogo e pela fuma\u00e7a.\n<\/p>\n<p>Os bombeiros enfrentaram dificuldades no resgate, em um local de dif\u00edcil acesso. Os ve\u00edculos da corpora\u00e7\u00e3o n\u00e3o conseguiam se aproximar do pr\u00e9dio da Maximus Confec\u00e7\u00f5es e os bombeiros utilizaram escadas port\u00e1teis para retirar os trabalhadores.<\/p>\n<p>Segundo informa\u00e7\u00f5es do governo estadual, o fogo deixou pelo menos 21 pessoas feridas. De acordo com Cl\u00e1udia Melo, secret\u00e1ria Estadual de Sa\u00fade do Rio de Janeiro, 10 pessoas foram atendidas s\u00f3 no Hospital Get\u00falio Vargas: duas est\u00e3o em estado est\u00e1vel. Oito pacientes est\u00e3o em estado grave e entubados, com queimaduras internas por aspira\u00e7\u00e3o de fuma\u00e7a. A princ\u00edpio, nenhuma queimadura externa.\n<\/p>\n<p>H\u00e1 mais 4 internados no Souza Aguiar, com dois em estado grave. N\u00e3o h\u00e1 relatos de mortes.\n<\/p>\n<blockquote>\n<p>No local do inc\u00eandio, funciona uma f\u00e1brica de fantasias de Carnaval e de uniformes militar, a Maximus Confec\u00e7\u00f5es, que \u00e9 respons\u00e1vel por grande parte do material produzido para o desfile das escolas de samba do Rio.\n<\/p>\n<\/blockquote>\n<\/div>\n<p>O Corpo de Bombeiros informou ao\u00a0<strong>Metr\u00f3poles<\/strong>\u00a0que cerca de 90 integrantes da corpora\u00e7\u00e3o e 30 viaturas atuaram na ocorr\u00eancia. As v\u00edtimas foram levadas para hospitais da regi\u00e3o.\n<\/p>\n<div class=\"m-banner-wrap m-banner-rectangle m-publicity-content-middle\"><strong>Carnaval afetado<\/strong><br \/>As escolas de samba Imp\u00e9rio Serrano, nove vezes campe\u00e3 do Carnaval carioca, e Unidos da Ponte informaram que a maior parte da produ\u00e7\u00e3o de suas fantasias para o Carnaval de 2025 estava na f\u00e1brica atingida pelo inc\u00eandio.<\/p>\n<p>A Imp\u00e9rio Serrano emitiu nota e lamentou a trag\u00e9dia que atingiu as depend\u00eancias da Maximus Confec\u00e7\u00f5es. Segundo o comunicado, a produ\u00e7\u00e3o das fantasias para o Carnaval de 2025 estava armazenada na f\u00e1brica. N\u00e3o foi revelado, no entanto, o tamanho do preju\u00edzo.<\/p>\n<\/div>\n<p>\u00a0<\/p>\n<div class=\"m-banner-wrap m-banner-rectangle m-publicity-content-middle\">\u201cO Imp\u00e9rio Serrano lamenta profundamente o inc\u00eandio que ocorre nas depend\u00eancias da Maximus Confec\u00e7\u00f5es, nesta manh\u00e3, em Ramos. Informamos que toda a produ\u00e7\u00e3o das fantasias do Carnaval 2025 do Imp\u00e9rio Serrano se encontra na f\u00e1brica\u201d, diz a nota.<\/p>\n<p>De acordo com a escola, a seguran\u00e7a das pessoas envolvidas est\u00e1 sendo garantida e mais informa\u00e7\u00f5es ser\u00e3o comunicadas em breve. Ainda n\u00e3o foi divulgado se os estragos atrapalhar\u00e3o o desfile deste Carnaval.<\/p>\n<p><strong>Produ\u00e7\u00e3o carnavalesca<\/strong><br \/>J\u00e1 a Unidos da Ponte lamentou \u201cprofundamente\u201d o inc\u00eandio e informou: \u201cToda produ\u00e7\u00e3o de nossas fantasias para o Carnaval 2025 se encontra nesta f\u00e1brica. \u00c9 de extrema import\u00e2ncia garantir a seguran\u00e7a de todos que estavam presentes no local\u201d.<\/p>\n<p>A Uni\u00e3o da Ilha do Governador tamb\u00e9m lamentou o incidente e ressaltou que as perdas da escola foram apenas materiais, \u201ccom tempo h\u00e1bil de refaz\u00ea-las\u201d.<\/p>\n<p>\u201cNossa agremia\u00e7\u00e3o, que j\u00e1 passou por esse momento tr\u00e1gico em 2011, se solidariza com as coirm\u00e3s afetadas neste epis\u00f3dio\u201d, disse, em comunicado.<\/p>\n<\/div>\n<div class=\"m-banner-wrap m-banner-rectangle m-publicity-content-middle\">\n<div>\n<p>No local do inc\u00eandio, funciona uma f\u00e1brica de fantasias de Carnaval e de uniformes militares e que \u00e9 respons\u00e1vel por grande parte do material produzido para o desfile das escolas de samba do Rio.\n<\/p>\n<\/div>\n<\/div>\n<p>\u00a0<\/p>\n<p>Fonte: Metr\u00f3poles<\/p>\n<\/p><\/div>\n<p><br \/>\n<br \/><a href=\"https:\/\/diariodobrasilnoticias.com.br\/noticia\/incendio-em-fabrica-de-fantasias-e-controlado-apos-resgate-dramatico-67acc865385ef\">Source link <\/a><\/p>","protected":false},"excerpt":{"rendered":"<p>Reprodu\u00e7\u00e3o O inc\u00eandio que atingiu uma f\u00e1brica de fantasias de Carnaval na Rua Roberto Silva, em Ramos, na zona norte do Rio de Janeiro, nesta quarta-feira (12\/2), foi controlado depois&hellip;<\/p>","protected":false},"author":1,"featured_media":102094,"comment_status":"closed","ping_status":"open","sticky":false,"template":"","format":"standard","meta":{"content-type":"","footnotes":""},"categories":[16],"tags":[123,2448,5313,1267],"class_list":["post-102093","post","type-post","status-publish","format-standard","has-post-thumbnail","hentry","category-noticias","tag-brasil","tag-diario","tag-noticia","tag-noticias"],"_links":{"self":[{"href":"https:\/\/tvbrazilusa.com\/pt\/wp-json\/wp\/v2\/posts\/102093","targetHints":{"allow":["GET"]}}],"collection":[{"href":"https:\/\/tvbrazilusa.com\/pt\/wp-json\/wp\/v2\/posts"}],"about":[{"href":"https:\/\/tvbrazilusa.com\/pt\/wp-json\/wp\/v2\/types\/post"}],"author":[{"embeddable":true,"href":"https:\/\/tvbrazilusa.com\/pt\/wp-json\/wp\/v2\/users\/1"}],"replies":[{"embeddable":true,"href":"https:\/\/tvbrazilusa.com\/pt\/wp-json\/wp\/v2\/comments?post=102093"}],"version-history":[{"count":1,"href":"https:\/\/tvbrazilusa.com\/pt\/wp-json\/wp\/v2\/posts\/102093\/revisions"}],"predecessor-version":[{"id":102095,"href":"https:\/\/tvbrazilusa.com\/pt\/wp-json\/wp\/v2\/posts\/102093\/revisions\/102095"}],"wp:featuredmedia":[{"embeddable":true,"href":"https:\/\/tvbrazilusa.com\/pt\/wp-json\/wp\/v2\/media\/102094"}],"wp:attachment":[{"href":"https:\/\/tvbrazilusa.com\/pt\/wp-json\/wp\/v2\/media?parent=102093"}],"wp:term":[{"taxonomy":"category","embeddable":true,"href":"https:\/\/tvbrazilusa.com\/pt\/wp-json\/wp\/v2\/categories?post=102093"},{"taxonomy":"post_tag","embeddable":true,"href":"https:\/\/tvbrazilusa.com\/pt\/wp-json\/wp\/v2\/tags?post=102093"}],"curies":[{"name":"wp","href":"https:\/\/api.w.org\/{rel}","templated":true}]}}