{"id":102102,"date":"2025-02-12T19:13:03","date_gmt":"2025-02-12T19:13:03","guid":{"rendered":"https:\/\/tvbrazilusa.com\/2025\/02\/12\/durante-o-treino-lutadores-de-jiu-jitsu-pausam-e-correm-atras-de-um-ladrao-veja-video\/"},"modified":"2025-02-12T19:13:08","modified_gmt":"2025-02-12T19:13:08","slug":"durante-o-treino-lutadores-de-jiu-jitsu-pausam-e-correm-atras-de-um-ladrao-veja-video","status":"publish","type":"post","link":"https:\/\/tvbrazilusa.com\/pt\/2025\/02\/12\/durante-o-treino-lutadores-de-jiu-jitsu-pausam-e-correm-atras-de-um-ladrao-veja-video\/","title":{"rendered":"Durante o treino, lutadores de jiu-jitsu pausam e correm atr\u00e1s de um ladr\u00e3o; VEJA V\u00cdDEO"},"content":{"rendered":"<p> <script async src=\"https:\/\/pagead2.googlesyndication.com\/pagead\/js\/adsbygoogle.js?client=ca-pub-8864793242727901\"\r\n     crossorigin=\"anonymous\"><\/script><br \/>\n<\/p>\n<div id=\"taboola-read-more\" style=\"display:block; width:100%\">\n<p>Lutadores de jiu-jitsu detiveram um homem de 39 anos que furtava a fia\u00e7\u00e3o el\u00e9trica de uma resid\u00eancia em Parelheiros, na zona sul de S\u00e3o Paulo, na noite dessa segunda-feira (10\/2). O criminoso foi preso em flagrante.\n<\/p>\n<p>Uma mulher viu um homem dentro da casa de seu vizinho por volta das 21h da segunda, no n\u00ba 79 da Rua Luiz Sebasti\u00e3o Moreira, no bairro Jardim dos \u00c1lamos. Ent\u00e3o, ela foi at\u00e9 a Academia de Lutas Resiliere, na mesma rua, pedir ajuda aos lutadores.<\/p>\n<p>No v\u00eddeo ao qual o Metr\u00f3poles teve acesso, \u00e9 poss\u00edvel ver a mulher falando com os \u201cjiu-jiteiros\u201d na porta da academia. Imediatamente, todos os alunos que estavam treinando naquele momento se levantam e v\u00e3o atr\u00e1s do suspeito.\n<\/p>\n<p>De acordo com o dono da academia, Diego Carvalho de Oliveira, eles encontraram o homem roubando a fia\u00e7\u00e3o da casa. A Pol\u00edcia Militar (PM) foi acionada e, no fim do v\u00eddeo, \u00e9 poss\u00edvel ver os lutadores entregando o criminoso aos policiais.\n<\/p>\n<p>\u201cFoi excelente. Importante o jiu-jitsu poder ajudar a comunidade\u201d, disse Diego ao Metr\u00f3poles.\n<\/p>\n<p>Em nota, a Secretaria da Seguran\u00e7a P\u00fablica (SSP) informou que o dono da resid\u00eancia e v\u00edtima do roubo de cabos \u00e9 um homem de 48 anos.\n<\/p>\n<p>O indiciado foi levado pela PM \u00e0 delegacia, onde permaneceu \u00e0 disposi\u00e7\u00e3o da Justi\u00e7a.\n<\/p>\n<p>O caso foi registrado como furto de resid\u00eancia no 101\u00b0 Distrito Policial, no Jardim Imbuias.\n<\/p>\n<p><strong>ASSISTA:<\/strong>\n<\/p>\n<p>Fonte: @96fmnatal \/ Instagram              <\/p>\n<\/div>\n<p><br \/>\n<br \/><a href=\"https:\/\/diariodobrasilnoticias.com.br\/noticia\/durante-o-treino-lutadores-de-jiu-jitsu-pausam-e-correm-atras-de-um-ladrao-veja-video-67ace2d5246a4\">Source link <\/a><\/p>","protected":false},"excerpt":{"rendered":"<p>Lutadores de jiu-jitsu detiveram um homem de 39 anos que furtava a fia\u00e7\u00e3o el\u00e9trica de uma resid\u00eancia em Parelheiros, na zona sul de S\u00e3o Paulo, na noite dessa segunda-feira (10\/2).&hellip;<\/p>","protected":false},"author":1,"featured_media":102103,"comment_status":"closed","ping_status":"open","sticky":false,"template":"","format":"standard","meta":{"content-type":"","footnotes":""},"categories":[16],"tags":[123,2448,5313,1267],"class_list":["post-102102","post","type-post","status-publish","format-standard","has-post-thumbnail","hentry","category-noticias","tag-brasil","tag-diario","tag-noticia","tag-noticias"],"_links":{"self":[{"href":"https:\/\/tvbrazilusa.com\/pt\/wp-json\/wp\/v2\/posts\/102102","targetHints":{"allow":["GET"]}}],"collection":[{"href":"https:\/\/tvbrazilusa.com\/pt\/wp-json\/wp\/v2\/posts"}],"about":[{"href":"https:\/\/tvbrazilusa.com\/pt\/wp-json\/wp\/v2\/types\/post"}],"author":[{"embeddable":true,"href":"https:\/\/tvbrazilusa.com\/pt\/wp-json\/wp\/v2\/users\/1"}],"replies":[{"embeddable":true,"href":"https:\/\/tvbrazilusa.com\/pt\/wp-json\/wp\/v2\/comments?post=102102"}],"version-history":[{"count":1,"href":"https:\/\/tvbrazilusa.com\/pt\/wp-json\/wp\/v2\/posts\/102102\/revisions"}],"predecessor-version":[{"id":102104,"href":"https:\/\/tvbrazilusa.com\/pt\/wp-json\/wp\/v2\/posts\/102102\/revisions\/102104"}],"wp:featuredmedia":[{"embeddable":true,"href":"https:\/\/tvbrazilusa.com\/pt\/wp-json\/wp\/v2\/media\/102103"}],"wp:attachment":[{"href":"https:\/\/tvbrazilusa.com\/pt\/wp-json\/wp\/v2\/media?parent=102102"}],"wp:term":[{"taxonomy":"category","embeddable":true,"href":"https:\/\/tvbrazilusa.com\/pt\/wp-json\/wp\/v2\/categories?post=102102"},{"taxonomy":"post_tag","embeddable":true,"href":"https:\/\/tvbrazilusa.com\/pt\/wp-json\/wp\/v2\/tags?post=102102"}],"curies":[{"name":"wp","href":"https:\/\/api.w.org\/{rel}","templated":true}]}}