{"id":102163,"date":"2025-02-12T21:55:56","date_gmt":"2025-02-12T21:55:56","guid":{"rendered":"https:\/\/tvbrazilusa.com\/2025\/02\/12\/sidonio-repreende-ministro-e-orienta-reacao-do-governo-a-medidas-de-trump\/"},"modified":"2025-02-12T21:55:57","modified_gmt":"2025-02-12T21:55:57","slug":"sidonio-repreende-ministro-e-orienta-reacao-do-governo-a-medidas-de-trump","status":"publish","type":"post","link":"https:\/\/tvbrazilusa.com\/pt\/2025\/02\/12\/sidonio-repreende-ministro-e-orienta-reacao-do-governo-a-medidas-de-trump\/","title":{"rendered":"Sid\u00f4nio repreende ministro e orienta rea\u00e7\u00e3o do governo a medidas de Trump"},"content":{"rendered":"<p> <script async src=\"https:\/\/pagead2.googlesyndication.com\/pagead\/js\/adsbygoogle.js?client=ca-pub-8864793242727901\"\r\n     crossorigin=\"anonymous\"><\/script><br \/>\n<\/p>\n<div id=\"taboola-read-more\" style=\"display:block; width:100%\">\n<p>O titular da Secom (Secretaria de Comunica\u00e7\u00e3o da Presid\u00eancia), Sid\u00f4nio Palmeira, recomendou unidade do governo Lula (PT) nas manifesta\u00e7\u00f5es sobre a rela\u00e7\u00e3o com os Estados Unidos, ap\u00f3s o presidente dos Estados Unidos, Donald Trump, impor tarifas de 25% sobre as importa\u00e7\u00f5es de a\u00e7o e alum\u00ednio, o que afeta as exporta\u00e7\u00f5es brasileiras.\n<\/p>\n<p>Segundo integrantes do governo, Sid\u00f4nio pediu que os ministros afinassem discurso com as orienta\u00e7\u00f5es do Pal\u00e1cio do Planalto. A determina\u00e7\u00e3o ocorre depois de deslizes anteriores cometidos por ministros, em disson\u00e2ncia com a recomenda\u00e7\u00e3o do chefe da Secom na primeira reuni\u00e3o ministerial de 2025.<\/p>\n<p>Em sua interven\u00e7\u00e3o, Sid\u00f4nio citou a exist\u00eancia de uma falha no conjunto formado por pol\u00edtica, gest\u00e3o e comunica\u00e7\u00e3o, que estariam rodando em rota\u00e7\u00f5es diferentes.\n<\/p>\n<p>O ministro disse que pretende al\u00e7ar ainda mais ao primeiro plano a figura do presidente, com mais entrevistas e apari\u00e7\u00f5es p\u00fablicas. Ao PT ele afirmou que Lula deve ser o &#8220;motor do conte\u00fado&#8221; do governo.\n<\/p>\n<p>Na semana passada, Sid\u00f4nio teve uma dura conversa com o ministro do Desenvolvimento Social, Wellington Dias, que acenou em entrevista inten\u00e7\u00e3o de reajuste do valor Bolsa Fam\u00edlia, sem pr\u00e9vio consentimento da Presid\u00eancia.\n<\/p>\n<p>Seguindo instru\u00e7\u00e3o de Sid\u00f4nio, a Casa Civil teve que divulgar uma nota na noite desta sexta-feira (7) para negar estudo sobre um poss\u00edvel aumento no valor do Bolsa Fam\u00edlia.\n<\/p>\n<p>Na entrevista, Wellington aventou a possibilidade ao falar que a medida poderia ser tomada para enfrentar o impacto do aumento no pre\u00e7o dos alimentos.\n<\/p>\n<p>No fim de janeiro, uma declara\u00e7\u00e3o do ministro-chefe da Casa Civil, Rui Costa, ganhou as redes, ap\u00f3s ele sugerir que, em resposta \u00e0 alta dos pre\u00e7os, os brasileiros trocassem a laranja por outra fruta.\n<\/p>\n<p>Sid\u00f4nio tem reiterado pedido de padroniza\u00e7\u00e3o do discurso. Ministros ent\u00e3o passaram a adotar uma ret\u00f3rica mais s\u00f3bria em rela\u00e7\u00e3o ao tema das tarifas impostas pela administra\u00e7\u00e3o Trump. Publicamente, os integrantes do governo t\u00eam afirmado que ainda n\u00e3o h\u00e1 uma posi\u00e7\u00e3o e, quando houver, ela ser\u00e1 decidida e anunciada pelo Pal\u00e1cio do Planalto.\n<\/p>\n<p>Quando avan\u00e7am um pouco no tema, ministros t\u00eam se posicionado em defesa do multilateralismo e na linha de que o Brasil n\u00e3o almeja uma disputa com os Estados Unidos.\n<\/p>\n<p>Nesta ter\u00e7a-feira (11), o ministro das Rela\u00e7\u00f5es Institucionais, Alexandre Padilha, por exemplo, afirmou que o Brasil n\u00e3o vai entrar em guerra comercial com os EUA.\n<\/p>\n<p>Nesta segunda-feira, Donald Trump confirmou a eleva\u00e7\u00e3o das tarifas sobre as importa\u00e7\u00f5es de a\u00e7o e alum\u00ednio para 25% e o cancelamento de cotas para grandes fornecedores, como o Brasil.\n<\/p>\n<p>Em seu ato, Trump citou o aumento expressivo de compra de a\u00e7o da China pelo Brasil entre as justificativas para elevar as tarifas.\n<\/p>\n<p>No mesmo dia, a pr\u00f3pria Secom negou que o governo fosse taxar plataformas digitais norte-americanas como rea\u00e7\u00e3o \u00e0 eleva\u00e7\u00e3o de tarifas sobre o a\u00e7o e o alum\u00ednio anunciadas pelo presidente dos EUA, Donald Trump.\n<\/p>\n<p>Em conson\u00e2ncia, o ministro da Fazenda, Fernando Haddad, descartou a hip\u00f3tese na redes sociais, embora o governo estude medidas para compensar perda de receita com a taxa\u00e7\u00e3o americana.\n<\/p>\n<p>Antes mesmo de assumir o cargo, Sid\u00f4nio deu demonstra\u00e7\u00f5es de sua influ\u00eancia, ao atuar na elabora\u00e7\u00e3o do pronunciamento no qual Haddad apresentou o ajuste fiscal em cadeia nacional.\n<\/p>\n<p>O publicit\u00e1rio atuou n\u00e3o s\u00f3 na produ\u00e7\u00e3o do pronunciamento como tamb\u00e9m na concep\u00e7\u00e3o do texto, sendo um dos idealizadores da mensagem, embora o ministro da Fazenda defendesse que a promessa de aumento da faixa de isen\u00e7\u00e3o do Imposto de Renda s\u00f3 fosse apresentada depois do envio da proposta ao Congresso.\n<\/p>\n<p>Ap\u00f3s o pronunciamento, Sid\u00f4nio acompanhou Haddad na reuni\u00e3o em que o ministro apresentou as medidas \u00e0 bancada do PT, na sede do partido, em Bras\u00edlia.\n<\/p>\n<p>J\u00e1 no governo, o atual ministro da Secom foi um dos defensores da revoga\u00e7\u00e3o da instru\u00e7\u00e3o normativa que foi usada pela oposi\u00e7\u00e3o para dissemina\u00e7\u00e3o de fake news sobre taxa\u00e7\u00e3o do Pix.\n<\/p>\n<p>Fonte: Folha de S.Paulo              <\/p>\n<\/div>\n<p><br \/>\n<br \/><a href=\"https:\/\/diariodobrasilnoticias.com.br\/noticia\/sidonio-repreende-ministro-e-orienta-reacao-do-governo-a-medidas-de-trump-67acf6210575f\">Source link <\/a><\/p>","protected":false},"excerpt":{"rendered":"<p>O titular da Secom (Secretaria de Comunica\u00e7\u00e3o da Presid\u00eancia), Sid\u00f4nio Palmeira, recomendou unidade do governo Lula (PT) nas manifesta\u00e7\u00f5es sobre a rela\u00e7\u00e3o com os Estados Unidos, ap\u00f3s o presidente dos&hellip;<\/p>","protected":false},"author":1,"featured_media":102164,"comment_status":"closed","ping_status":"open","sticky":false,"template":"","format":"standard","meta":{"content-type":"","footnotes":""},"categories":[16],"tags":[123,2448,5313,1267],"class_list":["post-102163","post","type-post","status-publish","format-standard","has-post-thumbnail","hentry","category-noticias","tag-brasil","tag-diario","tag-noticia","tag-noticias"],"_links":{"self":[{"href":"https:\/\/tvbrazilusa.com\/pt\/wp-json\/wp\/v2\/posts\/102163","targetHints":{"allow":["GET"]}}],"collection":[{"href":"https:\/\/tvbrazilusa.com\/pt\/wp-json\/wp\/v2\/posts"}],"about":[{"href":"https:\/\/tvbrazilusa.com\/pt\/wp-json\/wp\/v2\/types\/post"}],"author":[{"embeddable":true,"href":"https:\/\/tvbrazilusa.com\/pt\/wp-json\/wp\/v2\/users\/1"}],"replies":[{"embeddable":true,"href":"https:\/\/tvbrazilusa.com\/pt\/wp-json\/wp\/v2\/comments?post=102163"}],"version-history":[{"count":1,"href":"https:\/\/tvbrazilusa.com\/pt\/wp-json\/wp\/v2\/posts\/102163\/revisions"}],"predecessor-version":[{"id":102165,"href":"https:\/\/tvbrazilusa.com\/pt\/wp-json\/wp\/v2\/posts\/102163\/revisions\/102165"}],"wp:featuredmedia":[{"embeddable":true,"href":"https:\/\/tvbrazilusa.com\/pt\/wp-json\/wp\/v2\/media\/102164"}],"wp:attachment":[{"href":"https:\/\/tvbrazilusa.com\/pt\/wp-json\/wp\/v2\/media?parent=102163"}],"wp:term":[{"taxonomy":"category","embeddable":true,"href":"https:\/\/tvbrazilusa.com\/pt\/wp-json\/wp\/v2\/categories?post=102163"},{"taxonomy":"post_tag","embeddable":true,"href":"https:\/\/tvbrazilusa.com\/pt\/wp-json\/wp\/v2\/tags?post=102163"}],"curies":[{"name":"wp","href":"https:\/\/api.w.org\/{rel}","templated":true}]}}