{"id":102187,"date":"2025-02-12T22:41:39","date_gmt":"2025-02-12T22:41:39","guid":{"rendered":"https:\/\/tvbrazilusa.com\/2025\/02\/12\/lula-faz-evento-esvaziado-comemorando-1-ano-do-programa-nova-industria-brasil-e-1-3-dos-convidados-nao-comparecem\/"},"modified":"2025-02-12T22:41:40","modified_gmt":"2025-02-12T22:41:40","slug":"lula-faz-evento-esvaziado-comemorando-1-ano-do-programa-nova-industria-brasil-e-1-3-dos-convidados-nao-comparecem","status":"publish","type":"post","link":"https:\/\/tvbrazilusa.com\/pt\/2025\/02\/12\/lula-faz-evento-esvaziado-comemorando-1-ano-do-programa-nova-industria-brasil-e-1-3-dos-convidados-nao-comparecem\/","title":{"rendered":"Lula faz evento esvaziado comemorando 1 ano do &#8216;Programa Nova Ind\u00fastria Brasil&#8217; e 1\/3 dos convidados n\u00e3o comparecem"},"content":{"rendered":"<p> <script async src=\"https:\/\/pagead2.googlesyndication.com\/pagead\/js\/adsbygoogle.js?client=ca-pub-8864793242727901\"\r\n     crossorigin=\"anonymous\"><\/script><br \/>\n<\/p>\n<div id=\"taboola-read-more\" style=\"display:block; width:100%\">\n<p>A cerim\u00f4nia de 1 ano da Nova Ind\u00fastria Brasil, no Pal\u00e1cio do Planalto, com a presen\u00e7a do presidente Luiz In\u00e1cio Lula da Silva (PT), teve sua mesa principal esvaziada nesta 4\u00aa feira (12.fev.2025). Das mais de 50 cadeiras dispostas no Sal\u00e3o Oeste do pal\u00e1cio, ao menos 16 estavam vazias quando Lula chegou ao local.\n<\/p>\n<p>Os lugares vazios, cerca de 1 ter\u00e7o do total, estavam preparados com cadeiras e plaquinhas com os nomes de quem deveria estar sentado ali. Das cadeiras desocupadas, havia nomes como o da Associa\u00e7\u00e3o Brasileira de Cimento Portland, o Sindicato nacional das Ind\u00fastrias de Materiais de Defesa e a Nav Brasil, uma empresa de servi\u00e7os de navega\u00e7\u00e3o a\u00e9rea.<\/p>\n<p>Marcado para \u00e0s 11h, a cerim\u00f4nia foi come\u00e7ar s\u00f3 \u00e0s 11h38, quando o presidente chegou ao evento. Naquele momento, v\u00e1rias das cadeiras vazias criavam buracos na mesa principal da cerim\u00f4nia.\n<\/p>\n<p>S\u00f3 \u00e0s 11h44, quando o vice-presidente e ministro da Ind\u00fastria e Com\u00e9rcio, Geraldo Alckmin, j\u00e1 discursava, que o cerimonial come\u00e7ou a pedir que os convidados presentes se aproximassem e preenchessem os espa\u00e7os vazios.\n<\/p>\n<p>Al\u00e9m de Lula e Alckmin, o evento tamb\u00e9m contou com a presen\u00e7a do ministro da Fazenda, Fernando Haddad, da Ci\u00eancia, Luciana Santos, da Sa\u00fade, N\u00edsia Trindade, e do Trabalho, Luiz Marinho.\n<\/p>\n<p>O evento lan\u00e7ou as metas da Miss\u00e3o 6 do programa Nova Ind\u00fastria Brasil, focada na defesa nacional. Segundo o Planalto, os investimentos p\u00fablicos e privados chegam a R$ 112,9 bilh\u00f5es nessa fase. S\u00e3o R$ 79,8 bilh\u00f5es p\u00fablicos, os recursos, entretanto, contam com investimentos j\u00e1 anunciados como o PAC Defesa com R$ 31,4 bilh\u00f5es.\n<\/p>\n<p>Na 2\u00aa feira (10.fev), o ministro da Defesa, Jos\u00e9 M\u00facio, afirmou que o or\u00e7amento das For\u00e7as Armadas est\u00e1 entre os menores da Am\u00e9rica do Sul e que o Brasil enfrenta dificuldades financeiras para manter sua estrutura militar. A declara\u00e7\u00e3o foi dada durante entrevista ao programa Roda Viva, da TV Cultura.\n<\/p>\n<p>M\u00facio disse que os gastos da Defesa representam 1,1% do PIB (Produto Interno Bruto), enquanto o setor judici\u00e1rio consome em torno de 1,5%. Ele comparou o cen\u00e1rio com pa\u00edses da OTAN (Organiza\u00e7\u00e3o do Tratado do Atl\u00e2ntico Norte), que recomendam que na\u00e7\u00f5es sem conflitos invistam 2% do PIB na \u00e1rea militar. \u201cN\u00f3s n\u00e3o temos dinheiro para absolutamente nada\u201d, disse o ministro.\n<\/p>\n<p>Segundo M\u00facio, a pasta n\u00e3o recebe emendas parlamentares e enfrenta desafios para financiar projetos como o programa de submarinos e a aquisi\u00e7\u00e3o de ca\u00e7as Gripen, ambos iniciados em governos anteriores. \u201cO dinheiro acabou e ficamos sem recursos para absolutamente tudo\u201d, afirmou.\n<\/p>\n<p>O ministro tamb\u00e9m citou que, apesar das limita\u00e7\u00f5es, as For\u00e7as Armadas seguem operando em situa\u00e7\u00f5es emergenciais. Como exemplo, mencionou o deslocamento de 20.000 soldados do Ex\u00e9rcito para o Rio Grande do Sul e 3.000 para o Pantanal, em resposta a desastres naturais. \u201cNosso contingente \u00e9 pequeno, mas menor ainda \u00e9 o nosso investimento\u201d, concluiu.\n<\/p>\n<p>Fonte: Poder 360              <\/p>\n<\/div>\n<p><br \/>\n<br \/><a href=\"https:\/\/diariodobrasilnoticias.com.br\/noticia\/lula-faz-evento-esvaziado-comemorando-1-ano-do-programa-nova-industria-brasil-e-1-3-dos-convidados-nao-comparecem-67acfda7249ec\">Source link <\/a><\/p>","protected":false},"excerpt":{"rendered":"<p>A cerim\u00f4nia de 1 ano da Nova Ind\u00fastria Brasil, no Pal\u00e1cio do Planalto, com a presen\u00e7a do presidente Luiz In\u00e1cio Lula da Silva (PT), teve sua mesa principal esvaziada nesta&hellip;<\/p>","protected":false},"author":1,"featured_media":102188,"comment_status":"closed","ping_status":"open","sticky":false,"template":"","format":"standard","meta":{"content-type":"","footnotes":""},"categories":[16],"tags":[123,2448,5313,1267],"class_list":["post-102187","post","type-post","status-publish","format-standard","has-post-thumbnail","hentry","category-noticias","tag-brasil","tag-diario","tag-noticia","tag-noticias"],"_links":{"self":[{"href":"https:\/\/tvbrazilusa.com\/pt\/wp-json\/wp\/v2\/posts\/102187","targetHints":{"allow":["GET"]}}],"collection":[{"href":"https:\/\/tvbrazilusa.com\/pt\/wp-json\/wp\/v2\/posts"}],"about":[{"href":"https:\/\/tvbrazilusa.com\/pt\/wp-json\/wp\/v2\/types\/post"}],"author":[{"embeddable":true,"href":"https:\/\/tvbrazilusa.com\/pt\/wp-json\/wp\/v2\/users\/1"}],"replies":[{"embeddable":true,"href":"https:\/\/tvbrazilusa.com\/pt\/wp-json\/wp\/v2\/comments?post=102187"}],"version-history":[{"count":1,"href":"https:\/\/tvbrazilusa.com\/pt\/wp-json\/wp\/v2\/posts\/102187\/revisions"}],"predecessor-version":[{"id":102189,"href":"https:\/\/tvbrazilusa.com\/pt\/wp-json\/wp\/v2\/posts\/102187\/revisions\/102189"}],"wp:featuredmedia":[{"embeddable":true,"href":"https:\/\/tvbrazilusa.com\/pt\/wp-json\/wp\/v2\/media\/102188"}],"wp:attachment":[{"href":"https:\/\/tvbrazilusa.com\/pt\/wp-json\/wp\/v2\/media?parent=102187"}],"wp:term":[{"taxonomy":"category","embeddable":true,"href":"https:\/\/tvbrazilusa.com\/pt\/wp-json\/wp\/v2\/categories?post=102187"},{"taxonomy":"post_tag","embeddable":true,"href":"https:\/\/tvbrazilusa.com\/pt\/wp-json\/wp\/v2\/tags?post=102187"}],"curies":[{"name":"wp","href":"https:\/\/api.w.org\/{rel}","templated":true}]}}