{"id":102190,"date":"2025-02-12T22:57:02","date_gmt":"2025-02-12T22:57:02","guid":{"rendered":"https:\/\/tvbrazilusa.com\/2025\/02\/12\/helicoptero-da-pm-e-atingido-por-tiros-durante-operacao-e-avenida-brasil-foi-fechada-veja-video\/"},"modified":"2025-02-12T22:57:05","modified_gmt":"2025-02-12T22:57:05","slug":"helicoptero-da-pm-e-atingido-por-tiros-durante-operacao-e-avenida-brasil-foi-fechada-veja-video","status":"publish","type":"post","link":"https:\/\/tvbrazilusa.com\/pt\/2025\/02\/12\/helicoptero-da-pm-e-atingido-por-tiros-durante-operacao-e-avenida-brasil-foi-fechada-veja-video\/","title":{"rendered":"Helic\u00f3ptero da PM \u00e9 atingido por tiros durante opera\u00e7\u00e3o e Avenida Brasil foi fechada; VEJA V\u00cdDEO"},"content":{"rendered":"<p> <script async src=\"https:\/\/pagead2.googlesyndication.com\/pagead\/js\/adsbygoogle.js?client=ca-pub-8864793242727901\"\r\n     crossorigin=\"anonymous\"><\/script><br \/>\n<br \/>Helic\u00f3ptero da PM \u00e9 atingido por tiros durante opera\u00e7\u00e3o no Complexo de Israel; Avenida Brasil foi fechada e uma pessoa foi atingida.<br \/>\n<br \/><br \/>\n<br \/><a href=\"https:\/\/diariodobrasilnoticias.com.br\/noticia\/helicoptero-da-pm-e-atingido-por-tiros-durante-operacao-e-avenida-brasil-foi-fechada-veja-video-67ad0e0ce481c\">Source link <\/a><\/p>","protected":false},"excerpt":{"rendered":"<p>Helic\u00f3ptero da PM \u00e9 atingido por tiros durante opera\u00e7\u00e3o no Complexo de Israel; Avenida Brasil foi fechada e uma pessoa foi atingida. Source link<\/p>","protected":false},"author":1,"featured_media":102191,"comment_status":"closed","ping_status":"open","sticky":false,"template":"","format":"standard","meta":{"content-type":"","footnotes":""},"categories":[16],"tags":[123,2448,5313,1267],"class_list":["post-102190","post","type-post","status-publish","format-standard","has-post-thumbnail","hentry","category-noticias","tag-brasil","tag-diario","tag-noticia","tag-noticias"],"_links":{"self":[{"href":"https:\/\/tvbrazilusa.com\/pt\/wp-json\/wp\/v2\/posts\/102190","targetHints":{"allow":["GET"]}}],"collection":[{"href":"https:\/\/tvbrazilusa.com\/pt\/wp-json\/wp\/v2\/posts"}],"about":[{"href":"https:\/\/tvbrazilusa.com\/pt\/wp-json\/wp\/v2\/types\/post"}],"author":[{"embeddable":true,"href":"https:\/\/tvbrazilusa.com\/pt\/wp-json\/wp\/v2\/users\/1"}],"replies":[{"embeddable":true,"href":"https:\/\/tvbrazilusa.com\/pt\/wp-json\/wp\/v2\/comments?post=102190"}],"version-history":[{"count":1,"href":"https:\/\/tvbrazilusa.com\/pt\/wp-json\/wp\/v2\/posts\/102190\/revisions"}],"predecessor-version":[{"id":102192,"href":"https:\/\/tvbrazilusa.com\/pt\/wp-json\/wp\/v2\/posts\/102190\/revisions\/102192"}],"wp:featuredmedia":[{"embeddable":true,"href":"https:\/\/tvbrazilusa.com\/pt\/wp-json\/wp\/v2\/media\/102191"}],"wp:attachment":[{"href":"https:\/\/tvbrazilusa.com\/pt\/wp-json\/wp\/v2\/media?parent=102190"}],"wp:term":[{"taxonomy":"category","embeddable":true,"href":"https:\/\/tvbrazilusa.com\/pt\/wp-json\/wp\/v2\/categories?post=102190"},{"taxonomy":"post_tag","embeddable":true,"href":"https:\/\/tvbrazilusa.com\/pt\/wp-json\/wp\/v2\/tags?post=102190"}],"curies":[{"name":"wp","href":"https:\/\/api.w.org\/{rel}","templated":true}]}}