{"id":102196,"date":"2025-02-12T23:19:53","date_gmt":"2025-02-12T23:19:53","guid":{"rendered":"https:\/\/tvbrazilusa.com\/2025\/02\/12\/luciano-hang-trump-esta-retomando-a-potencia-dos-eua\/"},"modified":"2025-02-12T23:19:55","modified_gmt":"2025-02-12T23:19:55","slug":"luciano-hang-trump-esta-retomando-a-potencia-dos-eua","status":"publish","type":"post","link":"https:\/\/tvbrazilusa.com\/pt\/2025\/02\/12\/luciano-hang-trump-esta-retomando-a-potencia-dos-eua\/","title":{"rendered":"Luciano Hang: Trump \u2018est\u00e1 retomando a pot\u00eancia\u2019 dos EUA"},"content":{"rendered":"<p> <script async src=\"https:\/\/pagead2.googlesyndication.com\/pagead\/js\/adsbygoogle.js?client=ca-pub-8864793242727901\"\r\n     crossorigin=\"anonymous\"><\/script><br \/>\n<\/p>\n<div id=\"taboola-read-more\" style=\"display:block; width:100%\">\n<p>O empres\u00e1rio Luciano Hang, propriet\u00e1rio da rede de lojas de departamentos Havan, expressou satisfa\u00e7\u00e3o com a nova pol\u00edtica norte-americana do governo de Donald Trump. Por meio de sua conta no X, nesta ter\u00e7a-feira 11, Hang publicou um v\u00eddeo comentando as medidas implantadas pelo republicano no in\u00edcio de seu segundo mandato.\n<\/p>\n<p>\u201cQuando estive nos Estados Unidos h\u00e1 40 anos vi um pa\u00eds incr\u00edvel, gigante, potente e o centro do mundo\u201d, afirmou o empres\u00e1rio. \u201cPercebo que o presidente Trump est\u00e1 retomando a pot\u00eancia que um dia j\u00e1 foi, destru\u00eddo por agendas esquerdistas\u201d.<\/p>\n<p>Hang, no v\u00eddeo, destaca a mat\u00e9ria \u201cTrump decreta fim do home office para 1 milh\u00e3o de funcion\u00e1rios p\u00fablicos\u201d, publicada pela Oeste, juntamente com textos de outros ve\u00edculos de imprensa.\n<\/p>\n<p>Ao celebrar o fim de pol\u00edticas \u201cprogressistas\u201d, como as de inclus\u00e3o, diversidade e ambientalismo, Hang afirmou que Trump est\u00e1 devolvendo os Estados Unidos aos norte-americanos, \u201ccuidando de seu povo e do seu pa\u00eds e dando um basta nos sabotadores internos\u201d.\n<\/p>\n<p>Luciano Hang passa por procedimento cir\u00fargico<br \/>Hang ainda se recupera de um cateterismo realizado na quinta-feira, 6, no Hospital Israelita Albert Einstein, em S\u00e3o Paulo. Mesmo sem dores ou desconforto, os m\u00e9dicos decidiram implantar um stent em seu cora\u00e7\u00e3o como medida preventiva.\n<\/p>\n<p>O empres\u00e1rio, em v\u00eddeo publicado no hospital, comemorou o sucesso do procedimento e alertou sobre cuidado com a sa\u00fade. \u201cMais f\u00e1cil diagnosticar um poss\u00edvel problema antes do que esperar acontecer e correr o risco de n\u00e3o conseguir mais resolver a tempo.\u201d\n<\/p>\n<p>Fonte: Revista Oeste              <\/p>\n<\/div>\n<p><br \/>\n<br \/><a href=\"https:\/\/diariodobrasilnoticias.com.br\/noticia\/luciano-hang-trump-esta-retomando-a-potencia-dos-eua-67ad11c593292\">Source link <\/a><\/p>","protected":false},"excerpt":{"rendered":"<p>O empres\u00e1rio Luciano Hang, propriet\u00e1rio da rede de lojas de departamentos Havan, expressou satisfa\u00e7\u00e3o com a nova pol\u00edtica norte-americana do governo de Donald Trump. Por meio de sua conta no&hellip;<\/p>","protected":false},"author":1,"featured_media":102197,"comment_status":"closed","ping_status":"open","sticky":false,"template":"","format":"standard","meta":{"content-type":"","footnotes":""},"categories":[16],"tags":[123,2448,5313,1267],"class_list":["post-102196","post","type-post","status-publish","format-standard","has-post-thumbnail","hentry","category-noticias","tag-brasil","tag-diario","tag-noticia","tag-noticias"],"_links":{"self":[{"href":"https:\/\/tvbrazilusa.com\/pt\/wp-json\/wp\/v2\/posts\/102196","targetHints":{"allow":["GET"]}}],"collection":[{"href":"https:\/\/tvbrazilusa.com\/pt\/wp-json\/wp\/v2\/posts"}],"about":[{"href":"https:\/\/tvbrazilusa.com\/pt\/wp-json\/wp\/v2\/types\/post"}],"author":[{"embeddable":true,"href":"https:\/\/tvbrazilusa.com\/pt\/wp-json\/wp\/v2\/users\/1"}],"replies":[{"embeddable":true,"href":"https:\/\/tvbrazilusa.com\/pt\/wp-json\/wp\/v2\/comments?post=102196"}],"version-history":[{"count":1,"href":"https:\/\/tvbrazilusa.com\/pt\/wp-json\/wp\/v2\/posts\/102196\/revisions"}],"predecessor-version":[{"id":102198,"href":"https:\/\/tvbrazilusa.com\/pt\/wp-json\/wp\/v2\/posts\/102196\/revisions\/102198"}],"wp:featuredmedia":[{"embeddable":true,"href":"https:\/\/tvbrazilusa.com\/pt\/wp-json\/wp\/v2\/media\/102197"}],"wp:attachment":[{"href":"https:\/\/tvbrazilusa.com\/pt\/wp-json\/wp\/v2\/media?parent=102196"}],"wp:term":[{"taxonomy":"category","embeddable":true,"href":"https:\/\/tvbrazilusa.com\/pt\/wp-json\/wp\/v2\/categories?post=102196"},{"taxonomy":"post_tag","embeddable":true,"href":"https:\/\/tvbrazilusa.com\/pt\/wp-json\/wp\/v2\/tags?post=102196"}],"curies":[{"name":"wp","href":"https:\/\/api.w.org\/{rel}","templated":true}]}}