{"id":102205,"date":"2025-02-12T23:43:26","date_gmt":"2025-02-12T23:43:26","guid":{"rendered":"https:\/\/tvbrazilusa.com\/2025\/02\/12\/lula-bate-o-martelo-contra-compra-de-blindados-e-veta-todos-equipamentos-militares-de-israel\/"},"modified":"2025-02-12T23:43:28","modified_gmt":"2025-02-12T23:43:28","slug":"lula-bate-o-martelo-contra-compra-de-blindados-e-veta-todos-equipamentos-militares-de-israel","status":"publish","type":"post","link":"https:\/\/tvbrazilusa.com\/pt\/2025\/02\/12\/lula-bate-o-martelo-contra-compra-de-blindados-e-veta-todos-equipamentos-militares-de-israel\/","title":{"rendered":"Lula bate o martelo contra compra de blindados e veta todos equipamentos militares de Israel"},"content":{"rendered":"<p> <script async src=\"https:\/\/pagead2.googlesyndication.com\/pagead\/js\/adsbygoogle.js?client=ca-pub-8864793242727901\"\r\n     crossorigin=\"anonymous\"><\/script><br \/>\n<\/p>\n<div>\n<figure class=\"post-image\">\n<\/figure>\n<p>            <span style=\"font-size: 12px\">Reprodu\u00e7\u00e3o<\/span><\/p>\n<p>            <!-- end metas --><br \/>\n            <!-- ADS --><\/p>\n<div id=\"taboola-read-more\" style=\"display:block; width:100%\">\n<p>Lula decidiu que n\u00e3o vai mais comprar mesmo os blindados de artilharia ATMOS da empresa israelense Elbit Systems, embora a empresa tenha vencido a concorr\u00eancia de R$ 1 bilh\u00e3o. A assessores militares, o petista alegou que s\u00f3 liberaria o neg\u00f3cio em caso de um \u2018acordo de paz\u2019 entre Israel e Hamas. A vers\u00e3o oficial, por\u00e9m, carece de l\u00f3gica b\u00e1sica e indica uma quedinha do presidente por equipamentos do eixo autocr\u00e1tico (R\u00fassia, China, Ir\u00e3 etc).\n<\/p>\n<p>A reportagem apurou que a decis\u00e3o de Lula se estende a todos os equipamentos fabricados por empresas israelenses e que ainda n\u00e3o foram contratados, incluindo sistemas de defesa antia\u00e9rea e drones. Atualmente, For\u00e7a A\u00e9rea e Ex\u00e9rcito s\u00e3o os maiores usu\u00e1rios de tecnologia militar fabricada em Israel. Em setembro, a FAB realizou a \u00faltima compra dos drones israelenses Elbit Hermes 900, via AEL Sistemas.<\/p>\n<p>A decis\u00e3o n\u00e3o chega a ser uma declara\u00e7\u00e3o de guerra, mas define de que lado Lula quer colocar o Brasil no caso de uma.\n<\/p>\n<p>Fonte: Claudio Dantas              <\/p>\n<\/div>\n<p>                        <!-- Scripts para conteudo --><\/p>\n<p>            <!-- .\/Scripts para conteudo --><br \/>\n            <!-- .\/Mat\u00e9ria --><\/p>\n<div class=\"row mt-3\">\n<div class=\"col-sm-6\">\n                <!-- Whatsapp channel 3--><br \/>\n                <a href=\"https:\/\/chat.whatsapp.com\/B8Qy6Erx4kb6yTzj3kaDco\" target=\"_blank\"><br \/>\n                  <img decoding=\"async\" src=\"https:\/\/diariodobrasilnoticias.com.br\/assets-site\/images\/bot_whatsapp.png\"\/><\/a>\n              <\/div>\n<div class=\"col-sm-6\">\n                <a href=\"https:\/\/t.me\/+_4gTmi5LKo03OTM5\" target=\"_blank\"><br \/>\n                  <img decoding=\"async\" src=\"https:\/\/diariodobrasilnoticias.com.br\/assets-site\/images\/bot_telegram.png\"\/><\/a>\n              <\/div>\n<\/p><\/div>\n<p>            <!-- end post-navigation --><\/p>\n<p>              <!-- end row --><\/p>\n<p>              <!-- end col-12-->\n                      <\/div>\n<p><br \/>\n<br \/><a href=\"https:\/\/diariodobrasilnoticias.com.br\/noticia\/lula-bate-o-martelo-contra-compra-de-blindados-e-veta-todos-equipamentos-militares-de-israel-67ad1cb64cf2a\">Source link <\/a><\/p>","protected":false},"excerpt":{"rendered":"<p>Reprodu\u00e7\u00e3o Lula decidiu que n\u00e3o vai mais comprar mesmo os blindados de artilharia ATMOS da empresa israelense Elbit Systems, embora a empresa tenha vencido a concorr\u00eancia de R$ 1 bilh\u00e3o.&hellip;<\/p>","protected":false},"author":1,"featured_media":102206,"comment_status":"closed","ping_status":"open","sticky":false,"template":"","format":"standard","meta":{"content-type":"","footnotes":""},"categories":[16],"tags":[123,2448,5313,1267],"class_list":["post-102205","post","type-post","status-publish","format-standard","has-post-thumbnail","hentry","category-noticias","tag-brasil","tag-diario","tag-noticia","tag-noticias"],"_links":{"self":[{"href":"https:\/\/tvbrazilusa.com\/pt\/wp-json\/wp\/v2\/posts\/102205","targetHints":{"allow":["GET"]}}],"collection":[{"href":"https:\/\/tvbrazilusa.com\/pt\/wp-json\/wp\/v2\/posts"}],"about":[{"href":"https:\/\/tvbrazilusa.com\/pt\/wp-json\/wp\/v2\/types\/post"}],"author":[{"embeddable":true,"href":"https:\/\/tvbrazilusa.com\/pt\/wp-json\/wp\/v2\/users\/1"}],"replies":[{"embeddable":true,"href":"https:\/\/tvbrazilusa.com\/pt\/wp-json\/wp\/v2\/comments?post=102205"}],"version-history":[{"count":1,"href":"https:\/\/tvbrazilusa.com\/pt\/wp-json\/wp\/v2\/posts\/102205\/revisions"}],"predecessor-version":[{"id":102207,"href":"https:\/\/tvbrazilusa.com\/pt\/wp-json\/wp\/v2\/posts\/102205\/revisions\/102207"}],"wp:featuredmedia":[{"embeddable":true,"href":"https:\/\/tvbrazilusa.com\/pt\/wp-json\/wp\/v2\/media\/102206"}],"wp:attachment":[{"href":"https:\/\/tvbrazilusa.com\/pt\/wp-json\/wp\/v2\/media?parent=102205"}],"wp:term":[{"taxonomy":"category","embeddable":true,"href":"https:\/\/tvbrazilusa.com\/pt\/wp-json\/wp\/v2\/categories?post=102205"},{"taxonomy":"post_tag","embeddable":true,"href":"https:\/\/tvbrazilusa.com\/pt\/wp-json\/wp\/v2\/tags?post=102205"}],"curies":[{"name":"wp","href":"https:\/\/api.w.org\/{rel}","templated":true}]}}