{"id":102220,"date":"2025-02-13T00:44:57","date_gmt":"2025-02-13T00:44:57","guid":{"rendered":"https:\/\/tvbrazilusa.com\/2025\/02\/13\/pf-realiza-operacao-de-busca-e-investiga-ameacas-contra-lula-em-rede-social\/"},"modified":"2025-02-13T00:44:58","modified_gmt":"2025-02-13T00:44:58","slug":"pf-realiza-operacao-de-busca-e-investiga-ameacas-contra-lula-em-rede-social","status":"publish","type":"post","link":"https:\/\/tvbrazilusa.com\/pt\/2025\/02\/13\/pf-realiza-operacao-de-busca-e-investiga-ameacas-contra-lula-em-rede-social\/","title":{"rendered":"PF realiza opera\u00e7\u00e3o de busca e investiga amea\u00e7as contra Lula em rede social"},"content":{"rendered":"<p> <script async src=\"https:\/\/pagead2.googlesyndication.com\/pagead\/js\/adsbygoogle.js?client=ca-pub-8864793242727901\"\r\n     crossorigin=\"anonymous\"><\/script><br \/>\n<\/p>\n<div id=\"taboola-read-more\" style=\"display:block; width:100%\">\n<p>A Pol\u00edcia Federal investiga amea\u00e7as feitas contra o presidente Lula (PT) em uma rede social.\n<\/p>\n<p>O suspeito teria amea\u00e7ado cometer um atentado contra o petista durante a visita que ele far\u00e1 a Bel\u00e9m nesta quinta-feira (13).<\/p>\n<p>Foi cumprido um mandado de busca e apreens\u00e3o, al\u00e9m da imposi\u00e7\u00e3o de medidas cautelares, incluindo o uso de tornozeleira eletr\u00f4nica e a proibi\u00e7\u00e3o de aproxima\u00e7\u00e3o do investigado a locais onde a autoridade estiver presente. O nome dele n\u00e3o foi divulgado.\n<\/p>\n<p>De acordo com a PF, que deflagrou opera\u00e7\u00e3o para apurar o caso, o suspeito fez postagens em redes sociais contendo amea\u00e7as de atentado durante a viagem oficial.\n<\/p>\n<p>&#8220;Diante da gravidade dos fatos, a PF representou junto \u00e0 Justi\u00e7a Federal no Par\u00e1 por medidas judiciais contra o suspeito&#8221;, diz nota da corpora\u00e7\u00e3o.\n<\/p>\n<p>Ele foi ouvido e submetido \u00e0 coloca\u00e7\u00e3o da tornozeleira eletr\u00f4nica. As investiga\u00e7\u00f5es seguem em andamento para esclarecer detalhes do caso.\n<\/p>\n<p>Lula foi alvo dos envolvidos na trama golpista de 2022, que mirou diretamente a ele, ao vice-presidente Geraldo Alckmin e o ministro do STF (Supremo Tribunal Federal) Alexandre de Moraes.\n<\/p>\n<p>Ap\u00f3s a revela\u00e7\u00e3o do relat\u00f3rio da Pol\u00edcia Federal que deu luz ao esquema, Lula deu declara\u00e7\u00f5es agradecendo por estar vivo e mandou recados ao ex-presidente Jair Bolsonaro, tamb\u00e9m investigado na trama.\n<\/p>\n<p>&#8220;Sou um cara que tem que agradecer agora muito mais porque eu estou vivo. A tentativa de envenenar eu e o [Geraldo] Alckmin n\u00e3o deu certo, estamos aqui&#8221;, disse em evento p\u00fablico dias depois da divulga\u00e7\u00e3o do caso.\n<\/p>\n<p>Depois deste, outros ataques e amea\u00e7as de ataques foram registradas em Bras\u00edlia. Entre elas, est\u00e1 o caso de Francisco Wanderley Luiz, o homem que amarrou uma bomba \u00e0 cabe\u00e7a e se explodiu na pra\u00e7a dos Tr\u00eas Poderes, em novembro de 2024.\n<\/p>\n<p>Na \u00e9poca, a ex-esposa mais recente de Francisco havia dito \u00e0 PF que o plano do autor do atentado seria matar Moraes.\n<\/p>\n<p>Posteriormente, em dezembro, a Pol\u00edcia Civil do Distrito Federal tamb\u00e9m prendeu um outro suspeito de planejar atentado contra Bras\u00edlia.\n<\/p>\n<p>Neste caso, o homem foi preso no meio de seu trajeto vindo da Bahia rumo \u00e0 capital pela Divis\u00e3o de Prote\u00e7\u00e3o e Combate ao Extremismo Violento da Pol\u00edcia Civil do DF, criada pelo governador Ibaneis Rocha (MDB) ap\u00f3s o atentado de novembro.\n<\/p>\n<p>A inst\u00e2ncia foi criada para atuar na preven\u00e7\u00e3o, para que epis\u00f3dios semelhantes ao de 2024 n\u00e3o voltassem a ocorrer.\n<\/p>\n<p>Fonte: Folha de S.Paulo              <\/p>\n<\/div>\n<p><br \/>\n<br \/><a href=\"https:\/\/diariodobrasilnoticias.com.br\/noticia\/pf-realiza-operacao-de-busca-e-investiga-ameacas-contra-lula-em-rede-social-67ad2c3d9de1b\">Source link <\/a><\/p>","protected":false},"excerpt":{"rendered":"<p>A Pol\u00edcia Federal investiga amea\u00e7as feitas contra o presidente Lula (PT) em uma rede social. O suspeito teria amea\u00e7ado cometer um atentado contra o petista durante a visita que ele&hellip;<\/p>","protected":false},"author":1,"featured_media":102221,"comment_status":"closed","ping_status":"open","sticky":false,"template":"","format":"standard","meta":{"content-type":"","footnotes":""},"categories":[16],"tags":[123,2448,5313,1267],"class_list":["post-102220","post","type-post","status-publish","format-standard","has-post-thumbnail","hentry","category-noticias","tag-brasil","tag-diario","tag-noticia","tag-noticias"],"_links":{"self":[{"href":"https:\/\/tvbrazilusa.com\/pt\/wp-json\/wp\/v2\/posts\/102220","targetHints":{"allow":["GET"]}}],"collection":[{"href":"https:\/\/tvbrazilusa.com\/pt\/wp-json\/wp\/v2\/posts"}],"about":[{"href":"https:\/\/tvbrazilusa.com\/pt\/wp-json\/wp\/v2\/types\/post"}],"author":[{"embeddable":true,"href":"https:\/\/tvbrazilusa.com\/pt\/wp-json\/wp\/v2\/users\/1"}],"replies":[{"embeddable":true,"href":"https:\/\/tvbrazilusa.com\/pt\/wp-json\/wp\/v2\/comments?post=102220"}],"version-history":[{"count":1,"href":"https:\/\/tvbrazilusa.com\/pt\/wp-json\/wp\/v2\/posts\/102220\/revisions"}],"predecessor-version":[{"id":102222,"href":"https:\/\/tvbrazilusa.com\/pt\/wp-json\/wp\/v2\/posts\/102220\/revisions\/102222"}],"wp:featuredmedia":[{"embeddable":true,"href":"https:\/\/tvbrazilusa.com\/pt\/wp-json\/wp\/v2\/media\/102221"}],"wp:attachment":[{"href":"https:\/\/tvbrazilusa.com\/pt\/wp-json\/wp\/v2\/media?parent=102220"}],"wp:term":[{"taxonomy":"category","embeddable":true,"href":"https:\/\/tvbrazilusa.com\/pt\/wp-json\/wp\/v2\/categories?post=102220"},{"taxonomy":"post_tag","embeddable":true,"href":"https:\/\/tvbrazilusa.com\/pt\/wp-json\/wp\/v2\/tags?post=102220"}],"curies":[{"name":"wp","href":"https:\/\/api.w.org\/{rel}","templated":true}]}}