{"id":102231,"date":"2025-02-13T01:23:08","date_gmt":"2025-02-13T01:23:08","guid":{"rendered":"https:\/\/tvbrazilusa.com\/2025\/02\/13\/no-primeiro-ano-do-governo-milei-os-salarios-na-argentina-aumentaram-145\/"},"modified":"2025-02-13T01:23:10","modified_gmt":"2025-02-13T01:23:10","slug":"no-primeiro-ano-do-governo-milei-os-salarios-na-argentina-aumentaram-145","status":"publish","type":"post","link":"https:\/\/tvbrazilusa.com\/pt\/2025\/02\/13\/no-primeiro-ano-do-governo-milei-os-salarios-na-argentina-aumentaram-145\/","title":{"rendered":"No primeiro ano do governo Milei, os sal\u00e1rios na Argentina aumentaram 145%"},"content":{"rendered":"<p> <script async src=\"https:\/\/pagead2.googlesyndication.com\/pagead\/js\/adsbygoogle.js?client=ca-pub-8864793242727901\"\r\n     crossorigin=\"anonymous\"><\/script><br \/>\n<\/p>\n<div id=\"taboola-read-more\" style=\"display:block; width:100%\">\n<p>Os sal\u00e1rios na Argentina registraram um crescimento m\u00e9dio de 145,5% em 2024, superando a infla\u00e7\u00e3o acumulada no per\u00edodo, segundo dados divulgados nesta quarta-feira (12) pelo Instituto Nacional de Estat\u00edstica e Censos (Indec). O aumento reflete o sucesso da recupera\u00e7\u00e3o econ\u00f4mica que vem sendo conduzida pelo governo de Javier Milei, que assumiu a presid\u00eancia da Argentina no final de 2023.\n<\/p>\n<p>De acordo com o levantamento oficial, o setor privado formal foi o mais beneficiado, com uma eleva\u00e7\u00e3o salarial de 147,5% ao longo do ano passado. No setor p\u00fablico, o crescimento foi de 119,3%. J\u00e1 no setor informal, onde os trabalhadores historicamente enfrentam maior volatilidade econ\u00f4mica, os rendimentos aumentaram 196,7%.<\/p>\n<p>Os n\u00fameros revelam que a recupera\u00e7\u00e3o salarial superou a infla\u00e7\u00e3o acumulada em 2024, que foi de 117,8%. Isso significa que, pela primeira vez em anos, os trabalhadores argentinos viram seus sal\u00e1rios crescerem em termos reais.\n<\/p>\n<p>\u00c0 Ag\u00eancia EFE, a consultoria de recursos humanos Michael Page destacou que as empresas em solo argentino buscaram, dentro de suas possibilidades, acompanhar o ajuste necess\u00e1rio para minimizar os impactos da infla\u00e7\u00e3o.\n<\/p>\n<p>&#8220;Ao longo do \u00faltimo ano, as empresas fizeram esfor\u00e7os para se aproximar, na medida do poss\u00edvel, do ajuste salarial necess\u00e1rio para conter o impacto da infla\u00e7\u00e3o&#8221;, apontou a consultoria em um relat\u00f3rio publicado nesta quarta-feira.\n<\/p>\n<p>Para este ano, as proje\u00e7\u00f5es econ\u00f4micas s\u00e3o ainda mais otimistas. Segundo estimativas de economistas consultados pelo Banco Central argentino, a infla\u00e7\u00e3o anual deve cair para 23,2%. Com esse cen\u00e1rio, analistas preveem um fortalecimento ainda maior do sal\u00e1rio real e um impulso ao dinamismo do mercado de trabalho.\n<\/p>\n<p>\u201cA proje\u00e7\u00e3o de infla\u00e7\u00e3o em queda para 2025 em rela\u00e7\u00e3o a 2024 sugere que este ano poder\u00e1 haver uma verdadeira recomposi\u00e7\u00e3o do sal\u00e1rio real, o que impulsionar\u00e1 um maior dinamismo no mercado de trabalho\u201d, acrescentou a Michael Page.\n<\/p>\n<p>Milei assumiu o governo da Argentina ap\u00f3s anos de peronismo, que promovia pol\u00edticas intervencionistas que levaram o pa\u00eds sul-americano a sucessivas crises inflacion\u00e1rias. O crescimento dos sal\u00e1rios acima da infla\u00e7\u00e3o logo no primeiro ano de mandato do libert\u00e1rio indica que as reformas econ\u00f4micas adotadas por seu governo at\u00e9 agora est\u00e3o surtindo efeito.\n<\/p>\n<p>Fonte: Gazeta do Povo              <\/p>\n<\/div>\n<p><br \/>\n<br \/><a href=\"https:\/\/diariodobrasilnoticias.com.br\/noticia\/no-primeiro-ano-do-governo-milei-os-salarios-na-argentina-aumentaram-145-67ad2696d8963\">Source link <\/a><\/p>","protected":false},"excerpt":{"rendered":"<p>Os sal\u00e1rios na Argentina registraram um crescimento m\u00e9dio de 145,5% em 2024, superando a infla\u00e7\u00e3o acumulada no per\u00edodo, segundo dados divulgados nesta quarta-feira (12) pelo Instituto Nacional de Estat\u00edstica e&hellip;<\/p>","protected":false},"author":1,"featured_media":102232,"comment_status":"closed","ping_status":"open","sticky":false,"template":"","format":"standard","meta":{"content-type":"","footnotes":""},"categories":[16],"tags":[123,2448,5313,1267],"class_list":["post-102231","post","type-post","status-publish","format-standard","has-post-thumbnail","hentry","category-noticias","tag-brasil","tag-diario","tag-noticia","tag-noticias"],"_links":{"self":[{"href":"https:\/\/tvbrazilusa.com\/pt\/wp-json\/wp\/v2\/posts\/102231","targetHints":{"allow":["GET"]}}],"collection":[{"href":"https:\/\/tvbrazilusa.com\/pt\/wp-json\/wp\/v2\/posts"}],"about":[{"href":"https:\/\/tvbrazilusa.com\/pt\/wp-json\/wp\/v2\/types\/post"}],"author":[{"embeddable":true,"href":"https:\/\/tvbrazilusa.com\/pt\/wp-json\/wp\/v2\/users\/1"}],"replies":[{"embeddable":true,"href":"https:\/\/tvbrazilusa.com\/pt\/wp-json\/wp\/v2\/comments?post=102231"}],"version-history":[{"count":1,"href":"https:\/\/tvbrazilusa.com\/pt\/wp-json\/wp\/v2\/posts\/102231\/revisions"}],"predecessor-version":[{"id":102233,"href":"https:\/\/tvbrazilusa.com\/pt\/wp-json\/wp\/v2\/posts\/102231\/revisions\/102233"}],"wp:featuredmedia":[{"embeddable":true,"href":"https:\/\/tvbrazilusa.com\/pt\/wp-json\/wp\/v2\/media\/102232"}],"wp:attachment":[{"href":"https:\/\/tvbrazilusa.com\/pt\/wp-json\/wp\/v2\/media?parent=102231"}],"wp:term":[{"taxonomy":"category","embeddable":true,"href":"https:\/\/tvbrazilusa.com\/pt\/wp-json\/wp\/v2\/categories?post=102231"},{"taxonomy":"post_tag","embeddable":true,"href":"https:\/\/tvbrazilusa.com\/pt\/wp-json\/wp\/v2\/tags?post=102231"}],"curies":[{"name":"wp","href":"https:\/\/api.w.org\/{rel}","templated":true}]}}