{"id":102236,"date":"2025-02-13T01:34:30","date_gmt":"2025-02-13T01:34:30","guid":{"rendered":"https:\/\/tvbrazilusa.com\/2025\/02\/13\/segundo-a-policia-adolescentes-relatam-medo-do-pastor-que-matou-a-menina\/"},"modified":"2025-02-13T01:34:32","modified_gmt":"2025-02-13T01:34:32","slug":"segundo-a-policia-adolescentes-relatam-medo-do-pastor-que-matou-a-menina","status":"publish","type":"post","link":"https:\/\/tvbrazilusa.com\/pt\/2025\/02\/13\/segundo-a-policia-adolescentes-relatam-medo-do-pastor-que-matou-a-menina\/","title":{"rendered":"Segundo a pol\u00edcia, adolescentes relatam medo do pastor que matou a menina"},"content":{"rendered":"<p> <script async src=\"https:\/\/pagead2.googlesyndication.com\/pagead\/js\/adsbygoogle.js?client=ca-pub-8864793242727901\"\r\n     crossorigin=\"anonymous\"><\/script><br \/>\n<\/p>\n<div>\n<figure class=\"post-image\">\n<\/figure>\n<p>            <span style=\"font-size: 12px\">Divulga\u00e7\u00e3o\/PCMG<\/span><\/p>\n<p>            <!-- end metas --><br \/>\n            <!-- ADS --><\/p>\n<div id=\"taboola-read-more\" style=\"display:block; width:100%\">\n<p>A Pol\u00edcia Civil de Minas Gerais informou que o pastor Jo\u00e3o das Gra\u00e7as Pachola, 54 anos, teria importunado sexualmente outras adolescentes. Segundo relatos obtidos pela corpora\u00e7\u00e3o, ele vinha oferecendo carona para supostamente cometer abusos contra menores. O suspeito admitiu ter enforcado e matado a jovem Stefany Vit\u00f3ria, de 13 anos, em Minas Gerais.\n<\/p>\n<p>Sobre o caso<br \/>Stefany Vit\u00f3ria desapareceu nesse domingo (9\/2), ap\u00f3s dizer que iria para a casa de uma amiga e depois para a igreja.<br \/>No mesmo dia, o pastor saiu de casa e n\u00e3o voltou mais.<br \/>Ao ser encontrado, ele indicou onde estava o corpo e afirmou ter enforcado e matado a adolescente por conta de um tapa na cara desferido pela jovem.<br \/>A causa da morte ainda est\u00e1 sendo analisada pela per\u00edcia.<br \/>De acordo com sua esposa, o pastor vinha enfrentando problemas com coca\u00edna.<br \/>Durante coletiva de imprensa, a delegada Ingrid Estevam, do Departamento Estadual de investiga\u00e7\u00e3o de Homic\u00eddios e Prote\u00e7\u00e3o \u00e0 Pessoa (DHPP), confirmou que durante as investiga\u00e7\u00f5es houve relatos de jovens que tinhas medo do suspeito. Elas relataram que ele estava importunando adolescentes e oferecendo carona.<\/p>\n<p>Segundo a delegada, essas informa\u00e7\u00f5es foram passadas durante dilig\u00eancias da pol\u00edcia, mas n\u00e3o h\u00e1 den\u00fancias oficiais registradas contra o homem.\n<\/p>\n<p>\u201cEssas foram as informa\u00e7\u00f5es que foram faladas enquanto a gente estava em dilig\u00eancia. Por isso, em qualquer tipo de situa\u00e7\u00e3o que qualquer mulher, ou menina, tenha passado, procure a delegacia e fa\u00e7a o registro para que a gente possa oficialmente adotar algum tipo de medida.\u201d\n<\/p>\n<p>Fonte: Metr\u00f3poles              <\/p>\n<\/div>\n<p>                        <!-- Scripts para conteudo --><\/p>\n<p>            <!-- .\/Scripts para conteudo --><br \/>\n            <!-- .\/Mat\u00e9ria --><\/p>\n<div class=\"row mt-3\">\n<div class=\"col-sm-6\">\n                <!-- Whatsapp channel 3--><br \/>\n                <a href=\"https:\/\/chat.whatsapp.com\/B8Qy6Erx4kb6yTzj3kaDco\" target=\"_blank\"><br \/>\n                  <img decoding=\"async\" src=\"https:\/\/diariodobrasilnoticias.com.br\/assets-site\/images\/bot_whatsapp.png\"\/><\/a>\n              <\/div>\n<div class=\"col-sm-6\">\n                <a href=\"https:\/\/t.me\/+_4gTmi5LKo03OTM5\" target=\"_blank\"><br \/>\n                  <img decoding=\"async\" src=\"https:\/\/diariodobrasilnoticias.com.br\/assets-site\/images\/bot_telegram.png\"\/><\/a>\n              <\/div>\n<\/p><\/div>\n<p>            <!-- end post-navigation --><\/p>\n<p>              <!-- end row --><\/p>\n<p>              <!-- end col-12-->\n                      <\/div>\n<p><br \/>\n<br \/><a href=\"https:\/\/diariodobrasilnoticias.com.br\/noticia\/segundo-a-policia-adolescentes-relatam-medo-do-pastor-que-matou-a-menina-67ad2617ed119\">Source link <\/a><\/p>","protected":false},"excerpt":{"rendered":"<p>Divulga\u00e7\u00e3o\/PCMG A Pol\u00edcia Civil de Minas Gerais informou que o pastor Jo\u00e3o das Gra\u00e7as Pachola, 54 anos, teria importunado sexualmente outras adolescentes. Segundo relatos obtidos pela corpora\u00e7\u00e3o, ele vinha oferecendo&hellip;<\/p>","protected":false},"author":1,"featured_media":102237,"comment_status":"closed","ping_status":"open","sticky":false,"template":"","format":"standard","meta":{"content-type":"","footnotes":""},"categories":[16],"tags":[123,2448,5313,1267],"class_list":["post-102236","post","type-post","status-publish","format-standard","has-post-thumbnail","hentry","category-noticias","tag-brasil","tag-diario","tag-noticia","tag-noticias"],"_links":{"self":[{"href":"https:\/\/tvbrazilusa.com\/pt\/wp-json\/wp\/v2\/posts\/102236","targetHints":{"allow":["GET"]}}],"collection":[{"href":"https:\/\/tvbrazilusa.com\/pt\/wp-json\/wp\/v2\/posts"}],"about":[{"href":"https:\/\/tvbrazilusa.com\/pt\/wp-json\/wp\/v2\/types\/post"}],"author":[{"embeddable":true,"href":"https:\/\/tvbrazilusa.com\/pt\/wp-json\/wp\/v2\/users\/1"}],"replies":[{"embeddable":true,"href":"https:\/\/tvbrazilusa.com\/pt\/wp-json\/wp\/v2\/comments?post=102236"}],"version-history":[{"count":1,"href":"https:\/\/tvbrazilusa.com\/pt\/wp-json\/wp\/v2\/posts\/102236\/revisions"}],"predecessor-version":[{"id":102238,"href":"https:\/\/tvbrazilusa.com\/pt\/wp-json\/wp\/v2\/posts\/102236\/revisions\/102238"}],"wp:featuredmedia":[{"embeddable":true,"href":"https:\/\/tvbrazilusa.com\/pt\/wp-json\/wp\/v2\/media\/102237"}],"wp:attachment":[{"href":"https:\/\/tvbrazilusa.com\/pt\/wp-json\/wp\/v2\/media?parent=102236"}],"wp:term":[{"taxonomy":"category","embeddable":true,"href":"https:\/\/tvbrazilusa.com\/pt\/wp-json\/wp\/v2\/categories?post=102236"},{"taxonomy":"post_tag","embeddable":true,"href":"https:\/\/tvbrazilusa.com\/pt\/wp-json\/wp\/v2\/tags?post=102236"}],"curies":[{"name":"wp","href":"https:\/\/api.w.org\/{rel}","templated":true}]}}