{"id":102243,"date":"2025-02-13T01:46:57","date_gmt":"2025-02-13T01:46:57","guid":{"rendered":"https:\/\/tvbrazilusa.com\/2025\/02\/13\/apos-ligar-para-o-lider-ucraniano-trump-afirma-que-zelensky-deseja-paz\/"},"modified":"2025-02-13T01:46:58","modified_gmt":"2025-02-13T01:46:58","slug":"apos-ligar-para-o-lider-ucraniano-trump-afirma-que-zelensky-deseja-paz","status":"publish","type":"post","link":"https:\/\/tvbrazilusa.com\/pt\/2025\/02\/13\/apos-ligar-para-o-lider-ucraniano-trump-afirma-que-zelensky-deseja-paz\/","title":{"rendered":"Ap\u00f3s ligar para o l\u00edder ucraniano, Trump afirma que Zelensky deseja &#8216;paz&#8217;"},"content":{"rendered":"<p> <script async src=\"https:\/\/pagead2.googlesyndication.com\/pagead\/js\/adsbygoogle.js?client=ca-pub-8864793242727901\"\r\n     crossorigin=\"anonymous\"><\/script><br \/>\n<\/p>\n<div id=\"taboola-read-more\" style=\"display:block; width:100%\">\n<p>O presidente dos Estados Unidos, Donald Trump (Republicano), ligou nesta 4\u00aa feira (12.fev.2025) para Volodymyr Zelensky e disse que o l\u00edder ucraniano deseja \u201cpaz\u201d e o fim da guerra com a R\u00fassia, que completar\u00e1 3 anos em 24 de fevereiro. O telefonema foi realizado depois da conversa entre o norte-americano e o presidente russo, Vladimir Putin.\n<\/p>\n<p>O republicano tamb\u00e9m anunciou que Zelensky se reunir\u00e1 na 6\u00aa feira (14.fev) com o vice-presidente dos EUA, J.D. Vance, e o secret\u00e1rio de Estado norte-americano, Marco Rubio. O encontro ser\u00e1 realizado \u00e0s margens da Confer\u00eancia de Seguran\u00e7a de Munique, na Alemanha.<\/p>\n<p>\u201cTenho esperan\u00e7a de que os resultados dessa reuni\u00e3o sejam positivos. \u00c9 hora de parar esta guerra rid\u00edcula, onde houve morte e destrui\u00e7\u00e3o massivas e totalmente desnecess\u00e1rias\u201d, disse Trump em uma postagem na rede Truth Social.\n<\/p>\n<p>O republicano teve uma rela\u00e7\u00e3o mista com Zelensky durante a campanha presidencial. O presidente dos EUA chegou a culp\u00e1-lo por \u201cdeixar a guerra com a R\u00fassia come\u00e7ar\u201d. O l\u00edder ucraniano, por sua vez, disse em entrevista a revista New Yorker que \u201cTrump n\u00e3o sabe realmente como parar a guerra, mesmo que ele possa pensar que sabe\u201d.\n<\/p>\n<p>TRUMP E PUTIN<br \/>Nesta 4\u00aa feira, o presidente norte-americano tamb\u00e9m telefonou ao l\u00edder russo, Vladimir Putin, que concordou em come\u00e7ar as negocia\u00e7\u00f5es para o fim da guerra. Segundo Trump, ambos concordaram em \u201ctrabalhar juntos\u201d e impedir \u201cmilh\u00f5es de mortes\u201d.\n<\/p>\n<p>\u201cO presidente Putin at\u00e9 usou meu forte lema de campanha, \u2018bom senso\u2019. Ambos acreditamos muito nisso. Concordamos em trabalhar juntos, muito pr\u00f3ximos, incluindo visitar as na\u00e7\u00f5es um do outro\u201d, afirmou o republicano.\n<\/p>\n<p>Trump prometeu durante a campanha eleitoral em 2024 que acabaria com o conflito na Europa. Putin elogiou o presidente dos EUA depois da elei\u00e7\u00e3o e prop\u00f4s um encontro com o republicano para discutir a guerra.\n<\/p>\n<p>Fonte: Poder 360              <\/p>\n<\/div>\n<p><br \/>\n<br \/><a href=\"https:\/\/diariodobrasilnoticias.com.br\/noticia\/apos-ligar-para-o-lider-ucraniano-trump-afirma-que-zelensky-deseja-paz-67ad2766d4ce2\">Source link <\/a><\/p>","protected":false},"excerpt":{"rendered":"<p>O presidente dos Estados Unidos, Donald Trump (Republicano), ligou nesta 4\u00aa feira (12.fev.2025) para Volodymyr Zelensky e disse que o l\u00edder ucraniano deseja \u201cpaz\u201d e o fim da guerra com&hellip;<\/p>","protected":false},"author":1,"featured_media":102244,"comment_status":"closed","ping_status":"open","sticky":false,"template":"","format":"standard","meta":{"content-type":"","footnotes":""},"categories":[16],"tags":[123,2448,5313,1267],"class_list":["post-102243","post","type-post","status-publish","format-standard","has-post-thumbnail","hentry","category-noticias","tag-brasil","tag-diario","tag-noticia","tag-noticias"],"_links":{"self":[{"href":"https:\/\/tvbrazilusa.com\/pt\/wp-json\/wp\/v2\/posts\/102243","targetHints":{"allow":["GET"]}}],"collection":[{"href":"https:\/\/tvbrazilusa.com\/pt\/wp-json\/wp\/v2\/posts"}],"about":[{"href":"https:\/\/tvbrazilusa.com\/pt\/wp-json\/wp\/v2\/types\/post"}],"author":[{"embeddable":true,"href":"https:\/\/tvbrazilusa.com\/pt\/wp-json\/wp\/v2\/users\/1"}],"replies":[{"embeddable":true,"href":"https:\/\/tvbrazilusa.com\/pt\/wp-json\/wp\/v2\/comments?post=102243"}],"version-history":[{"count":1,"href":"https:\/\/tvbrazilusa.com\/pt\/wp-json\/wp\/v2\/posts\/102243\/revisions"}],"predecessor-version":[{"id":102245,"href":"https:\/\/tvbrazilusa.com\/pt\/wp-json\/wp\/v2\/posts\/102243\/revisions\/102245"}],"wp:featuredmedia":[{"embeddable":true,"href":"https:\/\/tvbrazilusa.com\/pt\/wp-json\/wp\/v2\/media\/102244"}],"wp:attachment":[{"href":"https:\/\/tvbrazilusa.com\/pt\/wp-json\/wp\/v2\/media?parent=102243"}],"wp:term":[{"taxonomy":"category","embeddable":true,"href":"https:\/\/tvbrazilusa.com\/pt\/wp-json\/wp\/v2\/categories?post=102243"},{"taxonomy":"post_tag","embeddable":true,"href":"https:\/\/tvbrazilusa.com\/pt\/wp-json\/wp\/v2\/tags?post=102243"}],"curies":[{"name":"wp","href":"https:\/\/api.w.org\/{rel}","templated":true}]}}