{"id":102248,"date":"2025-02-13T02:02:21","date_gmt":"2025-02-13T02:02:21","guid":{"rendered":"https:\/\/tvbrazilusa.com\/2025\/02\/13\/pressao-politica-e-inadmissivel-dizem-tecnicos-do-ibama-apos-fala-de-lula\/"},"modified":"2025-02-13T02:02:23","modified_gmt":"2025-02-13T02:02:23","slug":"pressao-politica-e-inadmissivel-dizem-tecnicos-do-ibama-apos-fala-de-lula","status":"publish","type":"post","link":"https:\/\/tvbrazilusa.com\/pt\/2025\/02\/13\/pressao-politica-e-inadmissivel-dizem-tecnicos-do-ibama-apos-fala-de-lula\/","title":{"rendered":"Press\u00e3o pol\u00edtica \u00e9 inadmiss\u00edvel, dizem t\u00e9cnicos do Ibama ap\u00f3s fala de Lula"},"content":{"rendered":"<p> <script async src=\"https:\/\/pagead2.googlesyndication.com\/pagead\/js\/adsbygoogle.js?client=ca-pub-8864793242727901\"\r\n     crossorigin=\"anonymous\"><\/script><br \/>\n<\/p>\n<div id=\"taboola-read-more\" style=\"display:block; width:100%\">\n<p>Horas ap\u00f3s o presidente Lula afirmar que o Ibama parece atuar contra na quest\u00e3o da explora\u00e7\u00e3o de petr\u00f3leo na Margem Equatorial do Amap\u00e1, servidores do Ibama reagiram e chamaram de \u201cinadmiss\u00edvel\u201d qualquer tipo de press\u00e3o pol\u00edtica no instituto.\n<\/p>\n<p>Em nota publicada na tarde desta quarta-feira (12), a Associa\u00e7\u00e3o Nacional dos Servidores da Carreira de Especialista em Meio Ambiente (Ascema) afirmou entender que o governo queira acelerar o processo de licenciamento ambiental, mas alegou que os servidores necessitam de tempo para an\u00e1lise.<\/p>\n<p>Durante entrevista nesta manh\u00e3, a R\u00e1dio Di\u00e1rio FM, de Macap\u00e1, Lula criticou o que chamou de \u201clenga-lenga\u201d na institui\u00e7\u00e3o.\n<\/p>\n<p>\u201cAinda assim, a an\u00e1lise t\u00e9cnica de grandes projetos submetidos ao licenciamento ambiental federal, especialmente aqueles a serem desenvolvidos em \u00e1reas socioambientalmente sens\u00edveis, com n\u00famero reduzido de estudos cient\u00edficos e onde n\u00e3o h\u00e1 experi\u00eancias pr\u00e9vias da atividade em quest\u00e3o, demandam imensa dedica\u00e7\u00e3o das servidoras e servidores e, inevitavelmente, consomem tempo. O tempo necess\u00e1rio para garantir que os impactos previstos sejam evitados, mitigados ou compensados, caso o empreendimento ocorra\u201d, afirma a nota.\n<\/p>\n<p>A associa\u00e7\u00e3o alega ainda \u201csucateamento\u201d do instituto e relembra manifesta\u00e7\u00f5es recentes por mais investimentos e aumento de efetivo.\n<\/p>\n<p>\u201cNesse sentido, \u00e9 inadmiss\u00edvel qualquer tipo de press\u00e3o pol\u00edtica que busque interferir no trabalho t\u00e9cnico do \u00f3rg\u00e3o, especialmente quando se trata de uma decis\u00e3o que pode resultar em impactos ambientais irrevers\u00edveis. As declara\u00e7\u00f5es, que desqualificam o Ibama e seus servidores, desrespeitam o papel fundamental da institui\u00e7\u00e3o na defesa do interesse p\u00fablico, que \u00e9 seu objetivo final, independente do governo da vez\u201d, diz ainda o comunicado.\n<\/p>\n<p>Em 2023, o Ibama recusou a licen\u00e7a da Petrobras para explorar a regi\u00e3o. Desde ent\u00e3o, a petroleira atua para atender a uma s\u00e9rie de requisitos ambientais do instituto.\n<\/p>\n<p>Nesta quarta-feira, o presidente da Rep\u00fablica refor\u00e7ou que quer a explora\u00e7\u00e3o de petr\u00f3leo na regi\u00e3o, desde que antes seja feita uma pesquisa.\n<\/p>\n<p>A CNN questionou o Ibama sobre as declara\u00e7\u00f5es de Lula e aguarda retorno.\n<\/p>\n<p>Fonte: CNN Brasil              <\/p>\n<\/div>\n<p><br \/>\n<br \/><a href=\"https:\/\/diariodobrasilnoticias.com.br\/noticia\/pressao-politica-e-inadmissivel-dizem-tecnicos-do-ibama-apos-fala-de-lula-67ad2b6619573\">Source link <\/a><\/p>","protected":false},"excerpt":{"rendered":"<p>Horas ap\u00f3s o presidente Lula afirmar que o Ibama parece atuar contra na quest\u00e3o da explora\u00e7\u00e3o de petr\u00f3leo na Margem Equatorial do Amap\u00e1, servidores do Ibama reagiram e chamaram de&hellip;<\/p>","protected":false},"author":1,"featured_media":102249,"comment_status":"closed","ping_status":"open","sticky":false,"template":"","format":"standard","meta":{"content-type":"","footnotes":""},"categories":[16],"tags":[123,2448,5313,1267],"class_list":["post-102248","post","type-post","status-publish","format-standard","has-post-thumbnail","hentry","category-noticias","tag-brasil","tag-diario","tag-noticia","tag-noticias"],"_links":{"self":[{"href":"https:\/\/tvbrazilusa.com\/pt\/wp-json\/wp\/v2\/posts\/102248","targetHints":{"allow":["GET"]}}],"collection":[{"href":"https:\/\/tvbrazilusa.com\/pt\/wp-json\/wp\/v2\/posts"}],"about":[{"href":"https:\/\/tvbrazilusa.com\/pt\/wp-json\/wp\/v2\/types\/post"}],"author":[{"embeddable":true,"href":"https:\/\/tvbrazilusa.com\/pt\/wp-json\/wp\/v2\/users\/1"}],"replies":[{"embeddable":true,"href":"https:\/\/tvbrazilusa.com\/pt\/wp-json\/wp\/v2\/comments?post=102248"}],"version-history":[{"count":1,"href":"https:\/\/tvbrazilusa.com\/pt\/wp-json\/wp\/v2\/posts\/102248\/revisions"}],"predecessor-version":[{"id":102250,"href":"https:\/\/tvbrazilusa.com\/pt\/wp-json\/wp\/v2\/posts\/102248\/revisions\/102250"}],"wp:featuredmedia":[{"embeddable":true,"href":"https:\/\/tvbrazilusa.com\/pt\/wp-json\/wp\/v2\/media\/102249"}],"wp:attachment":[{"href":"https:\/\/tvbrazilusa.com\/pt\/wp-json\/wp\/v2\/media?parent=102248"}],"wp:term":[{"taxonomy":"category","embeddable":true,"href":"https:\/\/tvbrazilusa.com\/pt\/wp-json\/wp\/v2\/categories?post=102248"},{"taxonomy":"post_tag","embeddable":true,"href":"https:\/\/tvbrazilusa.com\/pt\/wp-json\/wp\/v2\/tags?post=102248"}],"curies":[{"name":"wp","href":"https:\/\/api.w.org\/{rel}","templated":true}]}}