{"id":10235,"date":"2022-06-17T15:27:46","date_gmt":"2022-06-17T15:27:46","guid":{"rendered":"https:\/\/tvbrazilusa.com\/2022\/06\/17\/o-contador-de-lula-ligado-ao-pcc-e-a-militancia-digital-lulista-da-cut\/"},"modified":"2022-06-17T15:27:46","modified_gmt":"2022-06-17T15:27:46","slug":"o-contador-de-lula-ligado-ao-pcc-e-a-militancia-digital-lulista-da-cut","status":"publish","type":"post","link":"https:\/\/tvbrazilusa.com\/pt\/2022\/06\/17\/o-contador-de-lula-ligado-ao-pcc-e-a-militancia-digital-lulista-da-cut\/","title":{"rendered":"O contador de Lula ligado ao PCC e a milit\u00e2ncia digital lulista da CUT"},"content":{"rendered":"<p><iframe  width=\"580\" height=\"385\" src=\"https:\/\/www.youtube.com\/embed\/B85cIg5zsnE?modestbranding=1\" frameborder=\"0\" allowfullscreen><\/iframe><br \/>\n<br \/>A manipula\u00e7\u00e3o das informa\u00e7\u00f5es pela &#8220;imprensa&#8221; chegaram a n\u00edveis jamais vistos. Al\u00e9m de esconder esc\u00e2ndalos, como a liga\u00e7\u00e3o do contador de Lula com o PCC, a milit\u00e2ncia de reda\u00e7\u00e3o atribui mortes na Amaz\u00f4nia a Bolsonaro e n\u00e3o d\u00e1 destaque \u00e0 descoberta da mil\u00edcia digital da CUT.<\/p>\n<p>J\u00e1 conhece o Ruschel sem Filtro?<\/p>\n<p>Tenha acesso a minha opini\u00e3o SEM CENSURA sobre pol\u00edtica, conservadorismo e economia. <\/p>\n<p>\u27a1\ufe0f Teste por 7 dias gr\u00e1tis o meu servi\u00e7o de assinatura:<br \/>\n<br \/><a href=\"https:\/\/www.youtube.com\/watch?v=B85cIg5zsnE\">source<\/a><\/p>","protected":false},"excerpt":{"rendered":"<p>A manipula\u00e7\u00e3o das informa\u00e7\u00f5es pela &#8220;imprensa&#8221; chegaram a n\u00edveis jamais vistos. Al\u00e9m de esconder esc\u00e2ndalos, como a liga\u00e7\u00e3o do contador de Lula com o PCC, a milit\u00e2ncia de reda\u00e7\u00e3o atribui&hellip;<\/p>","protected":false},"author":1,"featured_media":10236,"comment_status":"","ping_status":"open","sticky":false,"template":"","format":"standard","meta":{"content-type":"","footnotes":""},"categories":[1],"tags":[],"class_list":["post-10235","post","type-post","status-publish","format-standard","has-post-thumbnail","hentry","category-uncategorized"],"_links":{"self":[{"href":"https:\/\/tvbrazilusa.com\/pt\/wp-json\/wp\/v2\/posts\/10235","targetHints":{"allow":["GET"]}}],"collection":[{"href":"https:\/\/tvbrazilusa.com\/pt\/wp-json\/wp\/v2\/posts"}],"about":[{"href":"https:\/\/tvbrazilusa.com\/pt\/wp-json\/wp\/v2\/types\/post"}],"author":[{"embeddable":true,"href":"https:\/\/tvbrazilusa.com\/pt\/wp-json\/wp\/v2\/users\/1"}],"replies":[{"embeddable":true,"href":"https:\/\/tvbrazilusa.com\/pt\/wp-json\/wp\/v2\/comments?post=10235"}],"version-history":[{"count":0,"href":"https:\/\/tvbrazilusa.com\/pt\/wp-json\/wp\/v2\/posts\/10235\/revisions"}],"wp:featuredmedia":[{"embeddable":true,"href":"https:\/\/tvbrazilusa.com\/pt\/wp-json\/wp\/v2\/media\/10236"}],"wp:attachment":[{"href":"https:\/\/tvbrazilusa.com\/pt\/wp-json\/wp\/v2\/media?parent=10235"}],"wp:term":[{"taxonomy":"category","embeddable":true,"href":"https:\/\/tvbrazilusa.com\/pt\/wp-json\/wp\/v2\/categories?post=10235"},{"taxonomy":"post_tag","embeddable":true,"href":"https:\/\/tvbrazilusa.com\/pt\/wp-json\/wp\/v2\/tags?post=10235"}],"curies":[{"name":"wp","href":"https:\/\/api.w.org\/{rel}","templated":true}]}}