{"id":102377,"date":"2025-02-13T13:43:23","date_gmt":"2025-02-13T13:43:23","guid":{"rendered":"https:\/\/tvbrazilusa.com\/2025\/02\/13\/afegao-em-busca-de-asilo-causa-atropelamento-em-massa\/"},"modified":"2025-02-13T13:43:25","modified_gmt":"2025-02-13T13:43:25","slug":"afegao-em-busca-de-asilo-causa-atropelamento-em-massa","status":"publish","type":"post","link":"https:\/\/tvbrazilusa.com\/pt\/2025\/02\/13\/afegao-em-busca-de-asilo-causa-atropelamento-em-massa\/","title":{"rendered":"Afeg\u00e3o em busca de asilo causa atropelamento em massa"},"content":{"rendered":"<p> <script async src=\"https:\/\/pagead2.googlesyndication.com\/pagead\/js\/adsbygoogle.js?client=ca-pub-8864793242727901\"\r\n     crossorigin=\"anonymous\"><\/script><br \/>\n<\/p>\n<div id=\"taboola-read-more\" style=\"display:block; width:100%\">\n<p>Em Munique, um requerente de asilo afeg\u00e3o atropelou uma multid\u00e3o de pessoas que participavam de um com\u00edcio de greve do sindicato Verdi. Pelo menos 24 pessoas ficaram feridas.\n<\/p>\n<p>Entre eles h\u00e1 um \u201cn\u00famero indeterminado\u201d de pessoas gravemente feridas, disse um porta-voz do corpo de bombeiros de Munique. Ainda n\u00e3o \u00e9 poss\u00edvel descartar que alguns dos feridos estejam em situa\u00e7\u00e3o de risco de vida. Uma pessoa foi reanimada no local.<\/p>\n<p>O primeiro-ministro da Baviera confirmou ter sido um ataque. O prefeito de Munique, Dieter Reiter (SPD), disse que havia crian\u00e7as entre os feridos. \u201cEstou profundamente chocado\u201d, disse Reiter. \u201cMeus pensamentos est\u00e3o com os feridos.\u201d<\/p>\n<p>O vice-presidente da pol\u00edcia Huber compartilhou detalhes do crime com a imprensa. Segundo relatos, um ve\u00edculo policial conseguiu proteger parte do grupo de manifestantes Verdi.\n<\/p>\n<p>\u00a0<\/p>\n<p>O ve\u00edculo usado no crime aproximou-se por tr\u00e1s, acelerou at\u00e9 a altura do carro da pol\u00edcia e depois colidiu contra o fundo do grupo. A pol\u00edcia ent\u00e3o disparou um tiro contra o ve\u00edculo. Segundo o vice-presidente Huber, o autor do crime \u00e9 um requerente de asilo afeg\u00e3o de 24 anos.<\/p>\n<p>O primeiro-ministro da Baviera, Markus S\u00f6der (CSU), falou de um incidente \u201cterr\u00edvel\u201d. \u201cSuspeita-se que tenha sido um ataque\u201d, disse S\u00f6der \u00e0 imprensa. Ele rezou pelas v\u00edtimas e agradeceu \u00e0 pol\u00edcia.<\/p>\n<p>O atentado ocorreu na \u00e1rea do cruzamento entre Dachauer Stra\u00dfe e Seidlstra\u00dfe, no centro da cidade, n\u00e3o muito longe da Esta\u00e7\u00e3o Central de Munique.<\/p>\n<p>Um jovem foi levado pela pol\u00edcia. At\u00e9 agora, a pol\u00edcia n\u00e3o tinha pistas sobre outras pessoas que pudessem estar envolvidas no incidente. Isto foi dito por um porta-voz da pol\u00edcia em refer\u00eancia a postagens correspondentes nas redes sociais.<\/p>\n<p>Testemunhas oculares falaram de dois homens, um dos quais foi baleado pela pol\u00edcia e levado preso.\u201d Segundo outra testemunha ocular, os policiais atiraram na janela do ve\u00edculo usado no crime porque a porta estava trancada.\n<\/p>\n<p>Segundo testemunhas oculares, o motorista tamb\u00e9m atropelou uma mulher com uma crian\u00e7a.<\/p>\n<p>\u201cO motorista foi preso no local e atualmente n\u00e3o representa mais perigo\u201d, disse a pol\u00edcia. O carro \u00e9 um Mini Cooper. O para-brisa e o teto est\u00e3o muito danificados. O motorista teria atropelado a multid\u00e3o por volta das 10h30, hor\u00e1rio local.<\/p>\n<p>A pol\u00edcia montou um ponto de coleta de testemunhas e est\u00e1 pedindo ao p\u00fablico que forne\u00e7a v\u00eddeos.<\/p>\n<p>O atentado ocorreu no contexto de preparativos para a Confer\u00eancia de Seguran\u00e7a de Munique, que re\u00fane a elite da diplomacia mundial, que come\u00e7a na quinta, 13.<\/p>\n<p>Fonte: O antagonista              <\/p>\n<\/div>\n<p><br \/>\n<br \/><a href=\"https:\/\/diariodobrasilnoticias.com.br\/noticia\/afegao-em-busca-de-asilo-causa-atropelamento-em-massa-67adf1b6d044e\">Source link <\/a><\/p>","protected":false},"excerpt":{"rendered":"<p>Em Munique, um requerente de asilo afeg\u00e3o atropelou uma multid\u00e3o de pessoas que participavam de um com\u00edcio de greve do sindicato Verdi. Pelo menos 24 pessoas ficaram feridas. Entre eles&hellip;<\/p>","protected":false},"author":1,"featured_media":102378,"comment_status":"closed","ping_status":"open","sticky":false,"template":"","format":"standard","meta":{"content-type":"","footnotes":""},"categories":[16],"tags":[123,2448,5313,1267],"class_list":["post-102377","post","type-post","status-publish","format-standard","has-post-thumbnail","hentry","category-noticias","tag-brasil","tag-diario","tag-noticia","tag-noticias"],"_links":{"self":[{"href":"https:\/\/tvbrazilusa.com\/pt\/wp-json\/wp\/v2\/posts\/102377","targetHints":{"allow":["GET"]}}],"collection":[{"href":"https:\/\/tvbrazilusa.com\/pt\/wp-json\/wp\/v2\/posts"}],"about":[{"href":"https:\/\/tvbrazilusa.com\/pt\/wp-json\/wp\/v2\/types\/post"}],"author":[{"embeddable":true,"href":"https:\/\/tvbrazilusa.com\/pt\/wp-json\/wp\/v2\/users\/1"}],"replies":[{"embeddable":true,"href":"https:\/\/tvbrazilusa.com\/pt\/wp-json\/wp\/v2\/comments?post=102377"}],"version-history":[{"count":1,"href":"https:\/\/tvbrazilusa.com\/pt\/wp-json\/wp\/v2\/posts\/102377\/revisions"}],"predecessor-version":[{"id":102379,"href":"https:\/\/tvbrazilusa.com\/pt\/wp-json\/wp\/v2\/posts\/102377\/revisions\/102379"}],"wp:featuredmedia":[{"embeddable":true,"href":"https:\/\/tvbrazilusa.com\/pt\/wp-json\/wp\/v2\/media\/102378"}],"wp:attachment":[{"href":"https:\/\/tvbrazilusa.com\/pt\/wp-json\/wp\/v2\/media?parent=102377"}],"wp:term":[{"taxonomy":"category","embeddable":true,"href":"https:\/\/tvbrazilusa.com\/pt\/wp-json\/wp\/v2\/categories?post=102377"},{"taxonomy":"post_tag","embeddable":true,"href":"https:\/\/tvbrazilusa.com\/pt\/wp-json\/wp\/v2\/tags?post=102377"}],"curies":[{"name":"wp","href":"https:\/\/api.w.org\/{rel}","templated":true}]}}