{"id":102386,"date":"2025-02-13T14:07:20","date_gmt":"2025-02-13T14:07:20","guid":{"rendered":"https:\/\/tvbrazilusa.com\/2025\/02\/13\/fab-derruba-aviao-venezuelano-que-trazia-drogas-para-o-brasil\/"},"modified":"2025-02-13T14:07:22","modified_gmt":"2025-02-13T14:07:22","slug":"fab-derruba-aviao-venezuelano-que-trazia-drogas-para-o-brasil","status":"publish","type":"post","link":"https:\/\/tvbrazilusa.com\/pt\/2025\/02\/13\/fab-derruba-aviao-venezuelano-que-trazia-drogas-para-o-brasil\/","title":{"rendered":"FAB derruba avi\u00e3o venezuelano que trazia drogas para o Brasil"},"content":{"rendered":"<p> <script async src=\"https:\/\/pagead2.googlesyndication.com\/pagead\/js\/adsbygoogle.js?client=ca-pub-8864793242727901\"\r\n     crossorigin=\"anonymous\"><\/script><br \/>\n<\/p>\n<div id=\"taboola-read-more\" style=\"display:block; width:100%\">\n<p>A For\u00e7a A\u00e9rea Brasileira (FAB) abateu um avi\u00e3o venezuelano que entrou clandestinamente no espa\u00e7o a\u00e9reo nacional e desobedeceu \u00e0s ordens de pouso for\u00e7ado. A aeronave caiu nas proximidades de Manaus (AM), e os dois ocupantes, identificados como traficantes, foram encontrados mortos.\n<\/p>\n<p>A Pol\u00edcia Federal localizou drogas no interior do avi\u00e3o, mas a quantidade ainda est\u00e1 sendo verificada.<\/p>\n<p>A a\u00e7\u00e3o seguiu os protocolos do Decreto n\u00ba 5.144, de 2004, conhecido como \u201cLei do Abate\u201d. Inicialmente, foram adotadas medidas de averigua\u00e7\u00e3o para confirmar a identidade da aeronave e monitorar seu comportamento. Em seguida, os militares ordenaram que o avi\u00e3o mudasse de rota para um pouso for\u00e7ado em aer\u00f3dromo da regi\u00e3o amaz\u00f4nica.\n<\/p>\n<p>Diante da falta de resposta, a FAB realizou tiros de aviso e, posteriormente, \u201ctiros de deten\u00e7\u00e3o\u201d para impedir a continuidade do voo. \u201cEssa medida \u00e9 utilizada como \u00faltimo recurso, ap\u00f3s a aeronave interceptada descumprir todos os procedimentos estabelecidos e for\u00e7ar a continuidade do voo il\u00edcito\u201d, explicou o Centro de Comunica\u00e7\u00e3o Social da Aeron\u00e1utica (Cecomsaer).\n<\/p>\n<p>O avi\u00e3o colidiu com o solo na selva e pegou fogo, o que dificultou a identifica\u00e7\u00e3o do modelo da aeronave. A opera\u00e7\u00e3o foi coordenada pelo Comando de Opera\u00e7\u00f5es Aeroespaciais (Comae) e integrou a Opera\u00e7\u00e3o Ostium, que combate atividades criminosas nas fronteiras do Brasil.\n<\/p>\n<p>Com informa\u00e7\u00f5es de Portal da 98 FM              <\/p>\n<\/div>\n<p><br \/>\n<br \/><a href=\"https:\/\/diariodobrasilnoticias.com.br\/noticia\/fab-derruba-aviao-venezuelano-que-trazia-drogas-para-o-brasil-67adf9e42b258\">Source link <\/a><\/p>","protected":false},"excerpt":{"rendered":"<p>A For\u00e7a A\u00e9rea Brasileira (FAB) abateu um avi\u00e3o venezuelano que entrou clandestinamente no espa\u00e7o a\u00e9reo nacional e desobedeceu \u00e0s ordens de pouso for\u00e7ado. A aeronave caiu nas proximidades de Manaus&hellip;<\/p>","protected":false},"author":1,"featured_media":102387,"comment_status":"closed","ping_status":"open","sticky":false,"template":"","format":"standard","meta":{"content-type":"","footnotes":""},"categories":[16],"tags":[123,2448,5313,1267],"class_list":["post-102386","post","type-post","status-publish","format-standard","has-post-thumbnail","hentry","category-noticias","tag-brasil","tag-diario","tag-noticia","tag-noticias"],"_links":{"self":[{"href":"https:\/\/tvbrazilusa.com\/pt\/wp-json\/wp\/v2\/posts\/102386","targetHints":{"allow":["GET"]}}],"collection":[{"href":"https:\/\/tvbrazilusa.com\/pt\/wp-json\/wp\/v2\/posts"}],"about":[{"href":"https:\/\/tvbrazilusa.com\/pt\/wp-json\/wp\/v2\/types\/post"}],"author":[{"embeddable":true,"href":"https:\/\/tvbrazilusa.com\/pt\/wp-json\/wp\/v2\/users\/1"}],"replies":[{"embeddable":true,"href":"https:\/\/tvbrazilusa.com\/pt\/wp-json\/wp\/v2\/comments?post=102386"}],"version-history":[{"count":1,"href":"https:\/\/tvbrazilusa.com\/pt\/wp-json\/wp\/v2\/posts\/102386\/revisions"}],"predecessor-version":[{"id":102388,"href":"https:\/\/tvbrazilusa.com\/pt\/wp-json\/wp\/v2\/posts\/102386\/revisions\/102388"}],"wp:featuredmedia":[{"embeddable":true,"href":"https:\/\/tvbrazilusa.com\/pt\/wp-json\/wp\/v2\/media\/102387"}],"wp:attachment":[{"href":"https:\/\/tvbrazilusa.com\/pt\/wp-json\/wp\/v2\/media?parent=102386"}],"wp:term":[{"taxonomy":"category","embeddable":true,"href":"https:\/\/tvbrazilusa.com\/pt\/wp-json\/wp\/v2\/categories?post=102386"},{"taxonomy":"post_tag","embeddable":true,"href":"https:\/\/tvbrazilusa.com\/pt\/wp-json\/wp\/v2\/tags?post=102386"}],"curies":[{"name":"wp","href":"https:\/\/api.w.org\/{rel}","templated":true}]}}