{"id":102398,"date":"2025-02-13T14:47:15","date_gmt":"2025-02-13T14:47:15","guid":{"rendered":"https:\/\/tvbrazilusa.com\/2025\/02\/13\/divida-publica-brasileira-e-a-3a-maior-entre-20-principais-emergentes\/"},"modified":"2025-02-13T14:47:16","modified_gmt":"2025-02-13T14:47:16","slug":"divida-publica-brasileira-e-a-3a-maior-entre-20-principais-emergentes","status":"publish","type":"post","link":"https:\/\/tvbrazilusa.com\/pt\/2025\/02\/13\/divida-publica-brasileira-e-a-3a-maior-entre-20-principais-emergentes\/","title":{"rendered":"D\u00edvida p\u00fablica brasileira \u00e9 a 3\u00aa maior entre 20 principais emergentes"},"content":{"rendered":"<p> <script async src=\"https:\/\/pagead2.googlesyndication.com\/pagead\/js\/adsbygoogle.js?client=ca-pub-8864793242727901\"\r\n     crossorigin=\"anonymous\"><\/script><br \/>\n<\/p>\n<div id=\"taboola-read-more\" style=\"display:block; width:100%\">\n<p>A d\u00edvida p\u00fablica do Brasil se tornou uma quest\u00e3o central na economia, figurando como a terceira maior entre 20 principais pa\u00edses emergentes. Essa situa\u00e7\u00e3o gera desconfian\u00e7a entre investidores, impacta o valor do d\u00f3lar e as taxas de juros. Segundo ag\u00eancias de classifica\u00e7\u00e3o de risco, esse fator \u00e9 um dos principais obst\u00e1culos para o pa\u00eds melhorar sua nota de cr\u00e9dito e recuperar o grau de investimento.\u00a0\n<\/p>\n<p>Nos \u00faltimos dez anos, a d\u00edvida brasileira cresceu significativamente, passando de 54% do Produto Interno Bruto (PIB), em 2014, para 76% do PIB, em 2023, conforme dados do Banco Central (BC). Entre as economias em desenvolvimento, o Brasil fica atr\u00e1s apenas de Bol\u00edvia e de Argentina, em termos de endividamento.<\/p>\n<p>O Fundo Monet\u00e1rio Internacional (FMI) calcula que a d\u00edvida do Brasil tenha alcan\u00e7ado 87% do PIB, \u00edndice consideravelmente superior ao de pa\u00edses como M\u00e9xico (57,7%), Col\u00f4mbia (55,8%) e Chile (41%). A metodologia do FMI difere da do Tesouro Nacional, resultando em valores mais elevados \u2014 o que \u00e9 extremamente relevante para compara\u00e7\u00f5es internacionais.\n<\/p>\n<p>\u00a0<\/p>\n<p>Apesar disso, o Brasil, ao lado da Turquia, \u00e9 um dos poucos pa\u00edses onde a propor\u00e7\u00e3o da d\u00edvida em rela\u00e7\u00e3o ao PIB n\u00e3o aumentou desde 2019, mesmo depois da tend\u00eancia de alta global a partir de 2020, em raz\u00e3o dos efeitos da pandemia de covid19.\n<\/p>\n<p>O FMI concluiu que a d\u00edvida p\u00fablica brasileira se manteve praticamente est\u00e1vel desde o per\u00edodo pr\u00e9-pandemia. A varia\u00e7\u00e3o foi de 87,1% do PIB, em 2019, para 87,6% em 2024 \u2014 diferen\u00e7a absoluta de 0,5%.\n<\/p>\n<p>\u00a0<\/p>\n<p>Fonte: Revista Oeste<\/p>\n<\/p><\/div>\n<p><br \/>\n<br \/><a href=\"https:\/\/diariodobrasilnoticias.com.br\/noticia\/divida-publica-brasileira-e-a-3-maior-entre-20-principais-emergentes-67ae02dd6cc8d\">Source link <\/a><\/p>","protected":false},"excerpt":{"rendered":"<p>A d\u00edvida p\u00fablica do Brasil se tornou uma quest\u00e3o central na economia, figurando como a terceira maior entre 20 principais pa\u00edses emergentes. Essa situa\u00e7\u00e3o gera desconfian\u00e7a entre investidores, impacta o&hellip;<\/p>","protected":false},"author":1,"featured_media":102399,"comment_status":"closed","ping_status":"open","sticky":false,"template":"","format":"standard","meta":{"content-type":"","footnotes":""},"categories":[16],"tags":[123,2448,5313,1267],"class_list":["post-102398","post","type-post","status-publish","format-standard","has-post-thumbnail","hentry","category-noticias","tag-brasil","tag-diario","tag-noticia","tag-noticias"],"_links":{"self":[{"href":"https:\/\/tvbrazilusa.com\/pt\/wp-json\/wp\/v2\/posts\/102398","targetHints":{"allow":["GET"]}}],"collection":[{"href":"https:\/\/tvbrazilusa.com\/pt\/wp-json\/wp\/v2\/posts"}],"about":[{"href":"https:\/\/tvbrazilusa.com\/pt\/wp-json\/wp\/v2\/types\/post"}],"author":[{"embeddable":true,"href":"https:\/\/tvbrazilusa.com\/pt\/wp-json\/wp\/v2\/users\/1"}],"replies":[{"embeddable":true,"href":"https:\/\/tvbrazilusa.com\/pt\/wp-json\/wp\/v2\/comments?post=102398"}],"version-history":[{"count":1,"href":"https:\/\/tvbrazilusa.com\/pt\/wp-json\/wp\/v2\/posts\/102398\/revisions"}],"predecessor-version":[{"id":102400,"href":"https:\/\/tvbrazilusa.com\/pt\/wp-json\/wp\/v2\/posts\/102398\/revisions\/102400"}],"wp:featuredmedia":[{"embeddable":true,"href":"https:\/\/tvbrazilusa.com\/pt\/wp-json\/wp\/v2\/media\/102399"}],"wp:attachment":[{"href":"https:\/\/tvbrazilusa.com\/pt\/wp-json\/wp\/v2\/media?parent=102398"}],"wp:term":[{"taxonomy":"category","embeddable":true,"href":"https:\/\/tvbrazilusa.com\/pt\/wp-json\/wp\/v2\/categories?post=102398"},{"taxonomy":"post_tag","embeddable":true,"href":"https:\/\/tvbrazilusa.com\/pt\/wp-json\/wp\/v2\/tags?post=102398"}],"curies":[{"name":"wp","href":"https:\/\/api.w.org\/{rel}","templated":true}]}}