{"id":102413,"date":"2025-02-13T15:28:46","date_gmt":"2025-02-13T15:28:46","guid":{"rendered":"https:\/\/tvbrazilusa.com\/2025\/02\/13\/senador-dos-eua-questiona-pgr-sobre-censura-e-violacoes-de-direitos-no-brasil\/"},"modified":"2025-02-13T15:28:48","modified_gmt":"2025-02-13T15:28:48","slug":"senador-dos-eua-questiona-pgr-sobre-censura-e-violacoes-de-direitos-no-brasil","status":"publish","type":"post","link":"https:\/\/tvbrazilusa.com\/pt\/2025\/02\/13\/senador-dos-eua-questiona-pgr-sobre-censura-e-violacoes-de-direitos-no-brasil\/","title":{"rendered":"Senador dos EUA questiona PGR sobre censura e viola\u00e7\u00f5es de direitos no Brasil"},"content":{"rendered":"<p> <script async src=\"https:\/\/pagead2.googlesyndication.com\/pagead\/js\/adsbygoogle.js?client=ca-pub-8864793242727901\"\r\n     crossorigin=\"anonymous\"><\/script><br \/>\n<\/p>\n<div>\n<figure class=\"post-image\">\n<\/figure>\n<p>            <span style=\"font-size: 12px\">Foto: Reprodu\u00e7\u00e3o\/Redes sociais<\/span><\/p>\n<p>            <!-- end metas --><br \/>\n            <!-- ADS --><\/p>\n<div id=\"taboola-read-more\" style=\"display:block; width:100%\">\n<p>O senador Shane Jett, que representa o Estado de Oklahoma, nos Estados Unidos, enviou uma carta ao procurador-geral da Rep\u00fablica do Brasil, Paulo Gonet Branco, para solicitar esclarecimentos sobre as recentes not\u00edcias de viola\u00e7\u00f5es de direitos fundamentais no pa\u00eds.\n<\/p>\n<p>No documento, Jett manifesta preocupa\u00e7\u00e3o com relatos de advogados, jornalistas e cidad\u00e3os brasileiros sobre a\u00e7\u00f5es que, segundo ele, violam garantias previstas em tratados internacionais, na Constitui\u00e7\u00e3o Federal e na legisla\u00e7\u00e3o brasileira.<\/p>\n<p>O parlamentar destaca que a Comiss\u00e3o Interamericana de Direitos Humanos (CIDH) e a Relatoria Especial para a Liberdade de Express\u00e3o (Rele) est\u00e3o no Brasil entre os dias 9 e 14 de fevereiro de 2025 para avaliar a situa\u00e7\u00e3o da liberdade de express\u00e3o no pa\u00eds. A visita ocorre em um momento de crescente preocupa\u00e7\u00e3o internacional sobre supostas restri\u00e7\u00f5es impostas a parlamentares, jornalistas e ve\u00edculos de comunica\u00e7\u00e3o.\n<\/p>\n<p>Jett menciona relatos de que membros da Suprema Corte brasileira teriam tomado medidas que afetam a liberdade de imprensa e a express\u00e3o de parlamentares eleitos democraticamente. Segundo ele, tais a\u00e7\u00f5es representam uma amea\u00e7a direta \u00e0 democracia e \u00e0 independ\u00eancia dos Poderes.\n<\/p>\n<p>Na carta, o senador refor\u00e7a que o Minist\u00e9rio P\u00fablico Federal (MPF) tem como miss\u00e3o constitucional defender a ordem jur\u00eddica, o regime democr\u00e1tico e os direitos sociais e individuais indispon\u00edveis. Ele cita a Constitui\u00e7\u00e3o brasileira e a Lei Complementar 75\/93 como base para a obriga\u00e7\u00e3o do MPF de agir contra poss\u00edveis viola\u00e7\u00f5es.\n<\/p>\n<blockquote class=\"twitter-tweet\" data-media-max-width=\"560\">\n<p dir=\"ltr\" lang=\"pt\">Enviei uma carta endere\u00e7ada ao Procurador-Geral da Rep\u00fablica Federativa do Brasil, Dr. Paulo Gonet Branco <a href=\"https:\/\/twitter.com\/MPF_PGR?ref_src=twsrc%5Etfw\">@MPF_PGR<\/a>.<\/p>\n<p>As not\u00edcias vindo Brasil s\u00e3o preocupantes, especialmente relatos de advogados e jornalistas sobre viola\u00e7\u00f5es de direitos garantidos por tratados internacionais,\u2026 <a href=\"https:\/\/t.co\/6ZpXWUeYfD\">pic.twitter.com\/6ZpXWUeYfD<\/a><br \/>\n\u2014 Senator Shane Jett \ud83c\uddfa\ud83c\uddf8\ud83c\udde7\ud83c\uddf7 (@SenadorJett) <a href=\"https:\/\/twitter.com\/SenadorJett\/status\/1889843622776021105?ref_src=twsrc%5Etfw\">February 13, 2025<\/a><\/p>\n<\/blockquote>\n<\/div>\n<p>O senador alerta para as san\u00e7\u00f5es internacionais que o Brasil pode sofrer<br \/>Shane Jett tamb\u00e9m alerta para as consequ\u00eancias internacionais das den\u00fancias. Ele menciona o projeto de lei \u201cNo Censors on our Shores Act\u201d, em discuss\u00e3o no Congresso dos EUA, que poderia resultar em san\u00e7\u00f5es contra governos que promovam censura ou viola\u00e7\u00f5es de direitos humanos.\n<\/p>\n<p>\u201cSolicitei esclarecimentos sobre as medidas adotadas pelo MPF\/PGR para combater as ilegalidades noticiadas na imprensa brasileira e internacional, diante da possibilidade de san\u00e7\u00f5es norte-americanas com o projeto de lei \u2018No Censors on our Shores Act\u2019\u201d, escreveu o senador.\n<\/p>\n<p>Diante do cen\u00e1rio, o parlamentar norte-americano solicitou ao procurador-geral da Rep\u00fablica informa\u00e7\u00f5es detalhadas sobre as medidas que o MPF e a PGR est\u00e3o tomando para combater as ilegalidades noticiadas tanto pela imprensa brasileira quanto pela internacional.<\/p>\n<p>Fonte: Revista Oeste              <\/p>\n<\/div>\n<p><script async src=\"\/\/platform.twitter.com\/widgets.js\" charset=\"utf-8\"><\/script><br \/>\n<br \/><br \/>\n<br \/><a href=\"https:\/\/diariodobrasilnoticias.com.br\/noticia\/senador-dos-eua-questiona-pgr-sobre-censura-e-violacoes-de-direitos-no-brasil-67ae09205a5a4\">Source link <\/a><\/p>","protected":false},"excerpt":{"rendered":"<p>Foto: Reprodu\u00e7\u00e3o\/Redes sociais O senador Shane Jett, que representa o Estado de Oklahoma, nos Estados Unidos, enviou uma carta ao procurador-geral da Rep\u00fablica do Brasil, Paulo Gonet Branco, para solicitar&hellip;<\/p>","protected":false},"author":1,"featured_media":102414,"comment_status":"closed","ping_status":"open","sticky":false,"template":"","format":"standard","meta":{"content-type":"","footnotes":""},"categories":[16],"tags":[123,2448,5313,1267],"class_list":["post-102413","post","type-post","status-publish","format-standard","has-post-thumbnail","hentry","category-noticias","tag-brasil","tag-diario","tag-noticia","tag-noticias"],"_links":{"self":[{"href":"https:\/\/tvbrazilusa.com\/pt\/wp-json\/wp\/v2\/posts\/102413","targetHints":{"allow":["GET"]}}],"collection":[{"href":"https:\/\/tvbrazilusa.com\/pt\/wp-json\/wp\/v2\/posts"}],"about":[{"href":"https:\/\/tvbrazilusa.com\/pt\/wp-json\/wp\/v2\/types\/post"}],"author":[{"embeddable":true,"href":"https:\/\/tvbrazilusa.com\/pt\/wp-json\/wp\/v2\/users\/1"}],"replies":[{"embeddable":true,"href":"https:\/\/tvbrazilusa.com\/pt\/wp-json\/wp\/v2\/comments?post=102413"}],"version-history":[{"count":1,"href":"https:\/\/tvbrazilusa.com\/pt\/wp-json\/wp\/v2\/posts\/102413\/revisions"}],"predecessor-version":[{"id":102415,"href":"https:\/\/tvbrazilusa.com\/pt\/wp-json\/wp\/v2\/posts\/102413\/revisions\/102415"}],"wp:featuredmedia":[{"embeddable":true,"href":"https:\/\/tvbrazilusa.com\/pt\/wp-json\/wp\/v2\/media\/102414"}],"wp:attachment":[{"href":"https:\/\/tvbrazilusa.com\/pt\/wp-json\/wp\/v2\/media?parent=102413"}],"wp:term":[{"taxonomy":"category","embeddable":true,"href":"https:\/\/tvbrazilusa.com\/pt\/wp-json\/wp\/v2\/categories?post=102413"},{"taxonomy":"post_tag","embeddable":true,"href":"https:\/\/tvbrazilusa.com\/pt\/wp-json\/wp\/v2\/tags?post=102413"}],"curies":[{"name":"wp","href":"https:\/\/api.w.org\/{rel}","templated":true}]}}