{"id":102422,"date":"2025-02-13T15:51:31","date_gmt":"2025-02-13T15:51:31","guid":{"rendered":"https:\/\/tvbrazilusa.com\/2025\/02\/13\/fevereiro-traz-mais-40-minutos-da-luz-do-dia-jacksonville-hoje\/"},"modified":"2025-02-13T15:54:22","modified_gmt":"2025-02-13T15:54:22","slug":"fevereiro-traz-mais-40-minutos-da-luz-do-dia-jacksonville-hoje","status":"publish","type":"post","link":"https:\/\/tvbrazilusa.com\/pt\/2025\/02\/13\/fevereiro-traz-mais-40-minutos-da-luz-do-dia-jacksonville-hoje\/","title":{"rendered":"Fevereiro traz mais 40 minutos da luz do dia | Jacksonville hoje"},"content":{"rendered":"<p> <script async src=\"https:\/\/pagead2.googlesyndication.com\/pagead\/js\/adsbygoogle.js?client=ca-pub-8864793242727901\"\r\n     crossorigin=\"anonymous\"><\/script><br \/>\n<\/p>\n<div>\n<p>Ap\u00f3s um janeiro incomumente frio, fevereiro foi uma pausa bem -vinda da previs\u00e3o gelada da Fl\u00f3rida. E o momento \u00e9 quase perfeito.<\/p>\n<p>Voc\u00ea provavelmente notou que os dias est\u00e3o ficando mais tempo com mais tempo para absorver o sol quando nos aproximamos da primavera. Somente neste m\u00eas, a Fl\u00f3rida ganhar\u00e1 quase 40 minutos de luz do dia.<\/p>\n<p>Desde o solst\u00edcio de dezembro (21 de dezembro), a quantidade de luz solar tem aumentado a cada dia. Inicialmente, essa mudan\u00e7a foi lenta, acrescentando apenas alguns segundos por dia. Mas em fevereiro, o aumento acelera rapidamente.<\/p>\n<p>As \u00e1reas mais ao norte, mais pr\u00f3ximas dos postes, experimentam uma mudan\u00e7a mais dram\u00e1tica no equil\u00edbrio anual entre a luz do dia e a noite. Por outro lado, os lugares mais pr\u00f3ximos do equador veem uma mudan\u00e7a mais sutil.<\/p>\n<\/p>\n<p>Por exemplo, na cidade de Nova York, a quantidade de luz solar aumenta em mais de dois minutos por dia. Em 28 de fevereiro, o sol est\u00e1 acima do horizonte por 67 minutos a mais do que em 1\u00ba de fevereiro.<\/p>\n<p>Em compara\u00e7\u00e3o, Miami, que \u00e9 muito mais pr\u00f3ximo do equador, v\u00ea um aumento de 37 minutos de luz solar ao longo do m\u00eas.<\/p>\n<p>O dia mais curto do m\u00eas da Fl\u00f3rida foi 1 de fevereiro, com 11 horas, 1 minuto de luz do dia. E nosso dia mais longo ser\u00e1 28 de fevereiro, com 11 horas, 38 minutos de luz do dia.<\/p>\n<p><img loading=\"lazy\" decoding=\"async\" src=\"https:\/\/npr.brightspotcdn.com\/24\/4c\/a03534994d2393650bde330f0051\/screenshot-2025-02-12-at-1-15-21-am.png\" alt=\"\" width=\"1682\" height=\"880\"\/><\/p>\n<p>Enquanto os dias est\u00e3o ficando mais longos, as noites est\u00e3o come\u00e7ando a encolher, resultando em nascer do sol anterior, posteriormente no sol e menos tempo para a observa\u00e7\u00e3o de estrelas.<\/p>\n<p>Os dias continuar\u00e3o a crescer mais e as noites ficar\u00e3o progressivamente mais curtas pelo hemisf\u00e9rio norte at\u00e9 o solst\u00edcio de ver\u00e3o em 20 de junho. Depois disso, a dose di\u00e1ria de sol come\u00e7ar\u00e1 a diminuir, e as noites come\u00e7ar\u00e3o a prolongar todos os dias at\u00e9 o solst\u00edcio de inverno .<\/p>\n<p><b>Quando come\u00e7a o hor\u00e1rio de ver\u00e3o em 2025?<\/b><\/p>\n<p>Os rel\u00f3gios chegar\u00e3o \u00e0 frente de uma hora em 9 de mar\u00e7o, quando o hor\u00e1rio de ver\u00e3o come\u00e7a na maioria dos Estados Unidos. A mudan\u00e7a resultar\u00e1 em nascer do sol e p\u00f4r do sol posteriores, que podem beneficiar as empresas ao ar livre que dependem da luz do dia, como campos de golfe, nos meses de ver\u00e3o.<\/p>\n<p>E se voc\u00ea estiver curioso e gosta de planejar, o hor\u00e1rio de ver\u00e3o terminar\u00e1 em 2 de novembro, quando os rel\u00f3gios voltar\u00e3o uma hora e todos os Estados Unidos retornar\u00e3o ao hor\u00e1rio padr\u00e3o.<\/p>\n<p>Copyright 2025 Storm Center<\/p>\n<\/div>\n<p><br \/>\n<br \/><a href=\"https:\/\/jaxtoday.org\/2025\/02\/13\/february-brings-40-more-minutes-of-daylight\/\">Source link <\/a><\/p>","protected":false},"excerpt":{"rendered":"<p>Ap\u00f3s um janeiro incomumente frio, fevereiro foi uma pausa bem -vinda da previs\u00e3o gelada da Fl\u00f3rida. E o momento \u00e9 quase perfeito. Voc\u00ea provavelmente notou que os dias est\u00e3o ficando&hellip;<\/p>","protected":false},"author":1,"featured_media":102423,"comment_status":"closed","ping_status":"open","sticky":false,"template":"","format":"standard","meta":{"content-type":"","footnotes":""},"categories":[1],"tags":[1360,32953,32952,1267,1268],"class_list":["post-102422","post","type-post","status-publish","format-standard","has-post-thumbnail","hentry","category-uncategorized","tag-clima","tag-horario-de-verao","tag-luz-do-dia","tag-noticias","tag-noticias-do-estado"],"_links":{"self":[{"href":"https:\/\/tvbrazilusa.com\/pt\/wp-json\/wp\/v2\/posts\/102422","targetHints":{"allow":["GET"]}}],"collection":[{"href":"https:\/\/tvbrazilusa.com\/pt\/wp-json\/wp\/v2\/posts"}],"about":[{"href":"https:\/\/tvbrazilusa.com\/pt\/wp-json\/wp\/v2\/types\/post"}],"author":[{"embeddable":true,"href":"https:\/\/tvbrazilusa.com\/pt\/wp-json\/wp\/v2\/users\/1"}],"replies":[{"embeddable":true,"href":"https:\/\/tvbrazilusa.com\/pt\/wp-json\/wp\/v2\/comments?post=102422"}],"version-history":[{"count":1,"href":"https:\/\/tvbrazilusa.com\/pt\/wp-json\/wp\/v2\/posts\/102422\/revisions"}],"predecessor-version":[{"id":102424,"href":"https:\/\/tvbrazilusa.com\/pt\/wp-json\/wp\/v2\/posts\/102422\/revisions\/102424"}],"wp:featuredmedia":[{"embeddable":true,"href":"https:\/\/tvbrazilusa.com\/pt\/wp-json\/wp\/v2\/media\/102423"}],"wp:attachment":[{"href":"https:\/\/tvbrazilusa.com\/pt\/wp-json\/wp\/v2\/media?parent=102422"}],"wp:term":[{"taxonomy":"category","embeddable":true,"href":"https:\/\/tvbrazilusa.com\/pt\/wp-json\/wp\/v2\/categories?post=102422"},{"taxonomy":"post_tag","embeddable":true,"href":"https:\/\/tvbrazilusa.com\/pt\/wp-json\/wp\/v2\/tags?post=102422"}],"curies":[{"name":"wp","href":"https:\/\/api.w.org\/{rel}","templated":true}]}}