{"id":102425,"date":"2025-02-13T16:03:11","date_gmt":"2025-02-13T16:03:11","guid":{"rendered":"https:\/\/tvbrazilusa.com\/2025\/02\/13\/livro-alemao-afirma-que-crianca-do-brasil-procura-comida-no-lixo\/"},"modified":"2025-02-13T16:03:14","modified_gmt":"2025-02-13T16:03:14","slug":"livro-alemao-afirma-que-crianca-do-brasil-procura-comida-no-lixo","status":"publish","type":"post","link":"https:\/\/tvbrazilusa.com\/pt\/2025\/02\/13\/livro-alemao-afirma-que-crianca-do-brasil-procura-comida-no-lixo\/","title":{"rendered":"Livro alem\u00e3o afirma que crian\u00e7a do Brasil procura comida no lixo"},"content":{"rendered":"<p> <script async src=\"https:\/\/pagead2.googlesyndication.com\/pagead\/js\/adsbygoogle.js?client=ca-pub-8864793242727901\"\r\n     crossorigin=\"anonymous\"><\/script><br \/>\n<\/p>\n<div id=\"taboola-read-more\" style=\"display:block; width:100%\">\n<p>Um livro did\u00e1tico utilizado com alunos da 4\u00aa s\u00e9rie do Ensino Fundamental na Alemanha tem causado pol\u00eamica nas redes sociais por apresentar um estere\u00f3tipo profundamente negativo das crian\u00e7as brasileiras. A obra, chamada ABC der Tiere (ABC dos Animais, na tradu\u00e7\u00e3o literal), chega a dizer que um menino brasileiro procura comida no lixo.\n<\/p>\n<p>O livro, publicado pela tradicional editora de livros did\u00e1ticos alem\u00e3 Mildenberger, faz parte de uma cole\u00e7\u00e3o de obras que \u00e9 voltada para alunos dos anos escolares iniciais. Em uma das p\u00e1ginas da edi\u00e7\u00e3o para a 4\u00aa s\u00e9rie, o exemplar discorre sobre \u201ctrabalho e carreira\u201d, nos moldes do tradicional \u201co que vou ser quando crescer\u201d usado com crian\u00e7as brasileiras.<\/p>\n<\/p>\n<p>\u00a0<span class=\"name\">Foto: Reprodu\u00e7\u00e3o\/Ed. Mildenberger<\/span><\/p>\n<p>No trecho controverso, o livro mostra quatro crian\u00e7as de quatro pa\u00edses diferentes: Alemanha, Qu\u00eania, Jap\u00e3o e Brasil. No caso da Alemanha, a obra cita uma menina que diz que, depois da escola, toca viol\u00e3o na banda do col\u00e9gio e que pretende se tornar professora.\n<\/p>\n<p>J\u00e1 no caso do Qu\u00eania, o menino utilizado como exemplo diz que, ap\u00f3s as aulas na escola, ajuda o pai, que \u00e9 chef de cozinha de um hotel. A crian\u00e7a diz que seu sonho \u00e9 tamb\u00e9m ser chef.\n<\/p>\n<p>A crian\u00e7a que mora no Jap\u00e3o, por sua vez, \u00e9 uma menina que, depois da escola, diz ter aulas adicionais porque tem como objetivo frequentar a melhor escola da cidade no Ensino M\u00e9dio. O sonho da crian\u00e7a \u00e9 cursar Direito e ser uma advogada de sucesso.\n<\/p>\n<p>O \u00fanico exemplo que destoa dos outros tr\u00eas \u00e9 justamente o brasileiro, que n\u00e3o cita se a crian\u00e7a frequenta a escola ou vai a aulas. Al\u00e9m disso, o livro refor\u00e7a estere\u00f3tipos negativos ao dizer que a crian\u00e7a do Brasil procura restos de comida no lixo e limpa para-brisas de carros.\n<\/p>\n<p>\u2013 \u00c0s vezes, pela manh\u00e3, procuro nas latas de lixo restos de comida. \u00c0 tarde, limpo os para-brisas dos carros. Meu sonho \u00e9 me tornar um jogador de futebol profissional \u2013 diz o menino brasileiro usado como exemplo, chamado de Marco.\n<\/p>\n<p><strong>REPERCUSS\u00c3O<br \/><\/strong>Na manh\u00e3 desta quinta-feira (13), o caso come\u00e7ou a gerar repercuss\u00e3o nas redes ap\u00f3s uma postagem da jornalista brasileira Cl\u00edcia Oliveira, que mora na Alemanha h\u00e1 mais de dez anos. Cl\u00edcia mostrou uma edi\u00e7\u00e3o do livro que diz expressamente que a crian\u00e7a usada como exemplo n\u00e3o frequenta a escola.\n<\/p>\n<p>Em uma postagem no Instagram, a jornalista relatou que um aluno brasileiro inclusive j\u00e1 sofreu bullying na Alemanha por conta do ocorrido.\n<\/p>\n<p>\u2013 Um aluno brasileiro sofreu bullying e voc\u00ea pode imaginar como est\u00e1 a cabe\u00e7a desta crian\u00e7a imaginando que, no Brasil, as crian\u00e7as t\u00eam que catar o lixo para poder sobreviver. E a indigna\u00e7\u00e3o maior \u00e9 como a gente consegue estereotipar um lugar, um pa\u00eds, com uma coisa dessa \u2013 protestou.<\/p>\n<p>Fonte: Pleno News              <\/p>\n<\/div>\n<p><br \/>\n<br \/><a href=\"https:\/\/diariodobrasilnoticias.com.br\/noticia\/livro-alemao-afirma-que-crianca-do-brasil-procura-comida-no-lixo-67adfd4478a0e\">Source link <\/a><\/p>","protected":false},"excerpt":{"rendered":"<p>Um livro did\u00e1tico utilizado com alunos da 4\u00aa s\u00e9rie do Ensino Fundamental na Alemanha tem causado pol\u00eamica nas redes sociais por apresentar um estere\u00f3tipo profundamente negativo das crian\u00e7as brasileiras. A&hellip;<\/p>","protected":false},"author":1,"featured_media":102426,"comment_status":"closed","ping_status":"open","sticky":false,"template":"","format":"standard","meta":{"content-type":"","footnotes":""},"categories":[16],"tags":[123,2448,5313,1267],"class_list":["post-102425","post","type-post","status-publish","format-standard","has-post-thumbnail","hentry","category-noticias","tag-brasil","tag-diario","tag-noticia","tag-noticias"],"_links":{"self":[{"href":"https:\/\/tvbrazilusa.com\/pt\/wp-json\/wp\/v2\/posts\/102425","targetHints":{"allow":["GET"]}}],"collection":[{"href":"https:\/\/tvbrazilusa.com\/pt\/wp-json\/wp\/v2\/posts"}],"about":[{"href":"https:\/\/tvbrazilusa.com\/pt\/wp-json\/wp\/v2\/types\/post"}],"author":[{"embeddable":true,"href":"https:\/\/tvbrazilusa.com\/pt\/wp-json\/wp\/v2\/users\/1"}],"replies":[{"embeddable":true,"href":"https:\/\/tvbrazilusa.com\/pt\/wp-json\/wp\/v2\/comments?post=102425"}],"version-history":[{"count":1,"href":"https:\/\/tvbrazilusa.com\/pt\/wp-json\/wp\/v2\/posts\/102425\/revisions"}],"predecessor-version":[{"id":102427,"href":"https:\/\/tvbrazilusa.com\/pt\/wp-json\/wp\/v2\/posts\/102425\/revisions\/102427"}],"wp:featuredmedia":[{"embeddable":true,"href":"https:\/\/tvbrazilusa.com\/pt\/wp-json\/wp\/v2\/media\/102426"}],"wp:attachment":[{"href":"https:\/\/tvbrazilusa.com\/pt\/wp-json\/wp\/v2\/media?parent=102425"}],"wp:term":[{"taxonomy":"category","embeddable":true,"href":"https:\/\/tvbrazilusa.com\/pt\/wp-json\/wp\/v2\/categories?post=102425"},{"taxonomy":"post_tag","embeddable":true,"href":"https:\/\/tvbrazilusa.com\/pt\/wp-json\/wp\/v2\/tags?post=102425"}],"curies":[{"name":"wp","href":"https:\/\/api.w.org\/{rel}","templated":true}]}}