{"id":102431,"date":"2025-02-13T16:16:31","date_gmt":"2025-02-13T16:16:31","guid":{"rendered":"https:\/\/tvbrazilusa.com\/2025\/02\/13\/cenas-fortes-ciclista-morre-apos-ser-baleado-ao-lado-de-parque-em-area-nobre-assista\/"},"modified":"2025-02-13T16:16:33","modified_gmt":"2025-02-13T16:16:33","slug":"cenas-fortes-ciclista-morre-apos-ser-baleado-ao-lado-de-parque-em-area-nobre-assista","status":"publish","type":"post","link":"https:\/\/tvbrazilusa.com\/pt\/2025\/02\/13\/cenas-fortes-ciclista-morre-apos-ser-baleado-ao-lado-de-parque-em-area-nobre-assista\/","title":{"rendered":"CENAS FORTES:  Ciclista morre ap\u00f3s ser baleado ao lado de parque em \u00e1rea nobre; ASSISTA"},"content":{"rendered":"<p> <script async src=\"https:\/\/pagead2.googlesyndication.com\/pagead\/js\/adsbygoogle.js?client=ca-pub-8864793242727901\"\r\n     crossorigin=\"anonymous\"><\/script><br \/>\n<\/p>\n<div id=\"taboola-read-more\" style=\"display:block; width:100%\">\n<p>\u00a0Um ciclista foi morto no come\u00e7o da manh\u00e3 desta quinta-feira (13\/2) ap\u00f3s ser baleado em um assalto ocorrido ao lado do Parque do Povo, no Itaim Bibi, bairro nobre da zona oeste de\u00a0<a href=\"https:\/\/www.metropoles.com\/sao-paulo\" target=\"_blank\" rel=\"noopener noreferrer\">S\u00e3o Paulo<\/a>.\n<\/p>\n<p data-gtm-vis-recent-on-screen104869357_94=\"1324\" data-gtm-vis-first-on-screen104869357_94=\"1324\" data-gtm-vis-total-visible-time104869357_94=\"100\" data-gtm-vis-has-fired104869357_94=\"1\">Imagens de c\u00e2meras de seguran\u00e7a mostram que, por volta das 6h12, o homem em uma bicicleta estava parado na Rua Brigadeiro Haroldo Veloso, ao lado do Parque do Povo, quando foi abordado por dois homens em uma moto.\n<\/p>\n<p>Um dos criminosos, que estava na garupa da moto, desce e ainda revista a v\u00edtima ca\u00edda no ch\u00e3o antes de fugir.\n<\/p>\n<p>O ciclista foi atingido no pesco\u00e7o e encaminhado ao Hospital das Cl\u00ednicas, mas n\u00e3o resistiu aos ferimentos.\n<\/p>\n<p>Segundo a Secretaria da Seguran\u00e7a P\u00fablica (<a href=\"https:\/\/www.ssp.sp.gov.br\/\" target=\"_blank\" rel=\"noopener noreferrer\">SSP<\/a>), o boletim de ocorr\u00eancia est\u00e1 em elabora\u00e7\u00e3o no 14\u00b0 DP (Pinheiros).\n<\/p>\n<\/p><\/div>\n<p><br \/>\n<br \/><a href=\"https:\/\/diariodobrasilnoticias.com.br\/noticia\/cenas-fortes-ciclista-morre-apos-ser-baleado-ao-lado-de-parque-em-area-nobre-assista-67ae16af00c01\">Source link <\/a><\/p>","protected":false},"excerpt":{"rendered":"<p>\u00a0Um ciclista foi morto no come\u00e7o da manh\u00e3 desta quinta-feira (13\/2) ap\u00f3s ser baleado em um assalto ocorrido ao lado do Parque do Povo, no Itaim Bibi, bairro nobre da&hellip;<\/p>","protected":false},"author":1,"featured_media":102432,"comment_status":"closed","ping_status":"open","sticky":false,"template":"","format":"standard","meta":{"content-type":"","footnotes":""},"categories":[16],"tags":[123,2448,5313,1267],"class_list":["post-102431","post","type-post","status-publish","format-standard","has-post-thumbnail","hentry","category-noticias","tag-brasil","tag-diario","tag-noticia","tag-noticias"],"_links":{"self":[{"href":"https:\/\/tvbrazilusa.com\/pt\/wp-json\/wp\/v2\/posts\/102431","targetHints":{"allow":["GET"]}}],"collection":[{"href":"https:\/\/tvbrazilusa.com\/pt\/wp-json\/wp\/v2\/posts"}],"about":[{"href":"https:\/\/tvbrazilusa.com\/pt\/wp-json\/wp\/v2\/types\/post"}],"author":[{"embeddable":true,"href":"https:\/\/tvbrazilusa.com\/pt\/wp-json\/wp\/v2\/users\/1"}],"replies":[{"embeddable":true,"href":"https:\/\/tvbrazilusa.com\/pt\/wp-json\/wp\/v2\/comments?post=102431"}],"version-history":[{"count":1,"href":"https:\/\/tvbrazilusa.com\/pt\/wp-json\/wp\/v2\/posts\/102431\/revisions"}],"predecessor-version":[{"id":102433,"href":"https:\/\/tvbrazilusa.com\/pt\/wp-json\/wp\/v2\/posts\/102431\/revisions\/102433"}],"wp:featuredmedia":[{"embeddable":true,"href":"https:\/\/tvbrazilusa.com\/pt\/wp-json\/wp\/v2\/media\/102432"}],"wp:attachment":[{"href":"https:\/\/tvbrazilusa.com\/pt\/wp-json\/wp\/v2\/media?parent=102431"}],"wp:term":[{"taxonomy":"category","embeddable":true,"href":"https:\/\/tvbrazilusa.com\/pt\/wp-json\/wp\/v2\/categories?post=102431"},{"taxonomy":"post_tag","embeddable":true,"href":"https:\/\/tvbrazilusa.com\/pt\/wp-json\/wp\/v2\/tags?post=102431"}],"curies":[{"name":"wp","href":"https:\/\/api.w.org\/{rel}","templated":true}]}}