{"id":102434,"date":"2025-02-13T16:31:22","date_gmt":"2025-02-13T16:31:22","guid":{"rendered":"https:\/\/tvbrazilusa.com\/2025\/02\/13\/aviao-da-latam-realiza-arremetida-para-evitar-colisao-com-embarcacao\/"},"modified":"2025-02-13T16:31:27","modified_gmt":"2025-02-13T16:31:27","slug":"aviao-da-latam-realiza-arremetida-para-evitar-colisao-com-embarcacao","status":"publish","type":"post","link":"https:\/\/tvbrazilusa.com\/pt\/2025\/02\/13\/aviao-da-latam-realiza-arremetida-para-evitar-colisao-com-embarcacao\/","title":{"rendered":"Avi\u00e3o da Latam realiza arremetida para evitar colis\u00e3o com embarca\u00e7\u00e3o"},"content":{"rendered":"<p> <script async src=\"https:\/\/pagead2.googlesyndication.com\/pagead\/js\/adsbygoogle.js?client=ca-pub-8864793242727901\"\r\n     crossorigin=\"anonymous\"><\/script><br \/>\n<\/p>\n<div id=\"taboola-read-more\" style=\"display:block; width:100%\">\n<p>Na noite desta quarta-feira, 12, um avi\u00e3o da Latam, que realizava o trajeto entre S\u00e3o Paulo e Rio de Janeiro, precisou arremeter ao se aproximar do Aeroporto Santos Dumont, na capital fluminense. A a\u00e7\u00e3o foi necess\u00e1ria para desviar de uma embarca\u00e7\u00e3o presente na Ba\u00eda de Guanabara, pr\u00f3xima \u00e0 pista de pouso.\n<\/p>\n<p>A aeronave, identificada como voo LA 3914, partiu do Aeroporto de Congonhas, na capital paulista. Depois da arremetida, o avi\u00e3o conseguiu pousar com seguran\u00e7a no Santos Dumont, ainda dentro do hor\u00e1rio programado. Segundo a empresa a\u00e9rea, todos os passageiros desembarcaram normalmente, sem maiores problemas.<\/p>\n<p>Latam: \u2018Pr\u00e1tica-padr\u00e3o\u2019\n<\/p>\n<p>Em comunicado oficial, a Latam afirmou que a pr\u00e1tica de arremeter um voo \u00e9 padr\u00e3o de seguran\u00e7a na avia\u00e7\u00e3o. \u201cA seguran\u00e7a \u00e9 um valor imprescind\u00edvel para a companhia e todas as suas decis\u00f5es visam a garantir uma opera\u00e7\u00e3o segura\u201d, destacou a empresa, em nota.\n<\/p>\n<p>Abaixo, veja um v\u00eddeo de um pouso de um avi\u00e3o da Latam no Aeroporto Santos Dumont.\n<\/p>\n<p>O incidente desta quarta ocorreu um dia depois de um evento que envolveu um avi\u00e3o da Gol, que colidiu com um ve\u00edculo da administradora do aeroporto, a RIOgale\u00e3o, durante a decolagem. O voo G3 1674, com destino a Fortaleza, precisou interromper a decolagem, pois bateu em um carro de manuten\u00e7\u00e3o que estava parado na pista.\n<\/p>\n<p>Apesar do susto, todos os passageiros e os tripulantes do voo da Gol desembarcaram sem ferimentos. Dois funcion\u00e1rios que estavam no carro sofreram escoria\u00e7\u00f5es leves, receberam atendimento m\u00e9dico no aeroporto e foram liberados.\n<\/p>\n<p>A concession\u00e1ria do aeroporto informou que o Centro de Investiga\u00e7\u00e3o e Preven\u00e7\u00e3o de Acidentes Aeron\u00e1uticos (Cenipa), respons\u00e1vel pela investiga\u00e7\u00e3o e preven\u00e7\u00e3o de acidentes aeron\u00e1uticos, vai analisar a raz\u00e3o pela qual a caminhonete estava na pista naquele momento.\n<\/p>\n<p>Fonte: O antagonista              <\/p>\n<\/div>\n<p><br \/>\n<br \/><a href=\"https:\/\/diariodobrasilnoticias.com.br\/noticia\/aviao-da-latam-realiza-arremetida-para-evitar-colisao-com-embarcacao-67ae04adbcf90\">Source link <\/a><\/p>","protected":false},"excerpt":{"rendered":"<p>Na noite desta quarta-feira, 12, um avi\u00e3o da Latam, que realizava o trajeto entre S\u00e3o Paulo e Rio de Janeiro, precisou arremeter ao se aproximar do Aeroporto Santos Dumont, na&hellip;<\/p>","protected":false},"author":1,"featured_media":102435,"comment_status":"closed","ping_status":"open","sticky":false,"template":"","format":"standard","meta":{"content-type":"","footnotes":""},"categories":[16],"tags":[123,2448,5313,1267],"class_list":["post-102434","post","type-post","status-publish","format-standard","has-post-thumbnail","hentry","category-noticias","tag-brasil","tag-diario","tag-noticia","tag-noticias"],"_links":{"self":[{"href":"https:\/\/tvbrazilusa.com\/pt\/wp-json\/wp\/v2\/posts\/102434","targetHints":{"allow":["GET"]}}],"collection":[{"href":"https:\/\/tvbrazilusa.com\/pt\/wp-json\/wp\/v2\/posts"}],"about":[{"href":"https:\/\/tvbrazilusa.com\/pt\/wp-json\/wp\/v2\/types\/post"}],"author":[{"embeddable":true,"href":"https:\/\/tvbrazilusa.com\/pt\/wp-json\/wp\/v2\/users\/1"}],"replies":[{"embeddable":true,"href":"https:\/\/tvbrazilusa.com\/pt\/wp-json\/wp\/v2\/comments?post=102434"}],"version-history":[{"count":1,"href":"https:\/\/tvbrazilusa.com\/pt\/wp-json\/wp\/v2\/posts\/102434\/revisions"}],"predecessor-version":[{"id":102436,"href":"https:\/\/tvbrazilusa.com\/pt\/wp-json\/wp\/v2\/posts\/102434\/revisions\/102436"}],"wp:featuredmedia":[{"embeddable":true,"href":"https:\/\/tvbrazilusa.com\/pt\/wp-json\/wp\/v2\/media\/102435"}],"wp:attachment":[{"href":"https:\/\/tvbrazilusa.com\/pt\/wp-json\/wp\/v2\/media?parent=102434"}],"wp:term":[{"taxonomy":"category","embeddable":true,"href":"https:\/\/tvbrazilusa.com\/pt\/wp-json\/wp\/v2\/categories?post=102434"},{"taxonomy":"post_tag","embeddable":true,"href":"https:\/\/tvbrazilusa.com\/pt\/wp-json\/wp\/v2\/tags?post=102434"}],"curies":[{"name":"wp","href":"https:\/\/api.w.org\/{rel}","templated":true}]}}