{"id":102440,"date":"2025-02-13T16:54:15","date_gmt":"2025-02-13T16:54:15","guid":{"rendered":"https:\/\/tvbrazilusa.com\/2025\/02\/13\/apos-ameaca-de-trump-hamas-volta-atras-e-decide-cumprir-o-acordo\/"},"modified":"2025-02-13T16:54:17","modified_gmt":"2025-02-13T16:54:17","slug":"apos-ameaca-de-trump-hamas-volta-atras-e-decide-cumprir-o-acordo","status":"publish","type":"post","link":"https:\/\/tvbrazilusa.com\/pt\/2025\/02\/13\/apos-ameaca-de-trump-hamas-volta-atras-e-decide-cumprir-o-acordo\/","title":{"rendered":"Ap\u00f3s amea\u00e7a de Trump, Hamas volta atr\u00e1s e decide cumprir o acordo"},"content":{"rendered":"<p> <script async src=\"https:\/\/pagead2.googlesyndication.com\/pagead\/js\/adsbygoogle.js?client=ca-pub-8864793242727901\"\r\n     crossorigin=\"anonymous\"><\/script><br \/>\n<\/p>\n<div>\n<figure class=\"post-image\">\n<\/figure>\n<p>            <span style=\"font-size: 12px\">Foto: EFE\/EPA\/JIM LO SCALZO \/ POOL<\/span><\/p>\n<p>            <!-- end metas --><br \/>\n            <!-- ADS --><\/p>\n<div id=\"taboola-read-more\" style=\"display:block; width:100%\">\n<p>O grupo terrorista Hamas confirmou nesta quinta-feira (13) que ir\u00e1 libertar mais tr\u00eas ref\u00e9ns israelenses no pr\u00f3ximo s\u00e1bado (15), como planejado, abrindo caminho para resolver a disputa que amea\u00e7ava o cessar-fogo na Faixa de Gaza. Isso deve permitir que o acordo de paz se mantenha, por enquanto.\n<\/p>\n<p>N\u00e3o houve coment\u00e1rios de autoridades de Israel sobre o an\u00fancio do grupo.<\/p>\n<p>Anteriormente, o Hamas amea\u00e7ou atrasar as novas solturas, acusando Israel de n\u00e3o cumprir as obriga\u00e7\u00f5es do acordo e violar os termos da tr\u00e9gua. Com o apoio contundente do presidente dos Estados Unidos, Donald Trump, os israelenses prometeram realizar uma ofensiva, caso os ref\u00e9ns n\u00e3o fossem liberados.\n<\/p>\n<p>De acordo com a Qahera TV, m\u00eddia estatal eg\u00edpcia, o Egito e o Catar foram respons\u00e1veis por obter sucesso na resolu\u00e7\u00e3o da disputa. Os dois pa\u00edses \u00e1rabes atuaram como mediadores-chave com o Hamas e ajudaram a intermediar o cessar-fogo, que entrou em vigor em janeiro, 15 meses ap\u00f3s o in\u00edcio da guerra.\n<\/p>\n<p>*AE\n<\/p>\n<p>Fonte: Pleno News              <\/p>\n<\/div>\n<p>                        <!-- Scripts para conteudo --><\/p>\n<p>            <!-- .\/Scripts para conteudo --><br \/>\n            <!-- .\/Mat\u00e9ria --><\/p>\n<div class=\"row mt-3\">\n<div class=\"col-sm-6\">\n                <!-- Whatsapp channel 3--><br \/>\n                <a href=\"https:\/\/chat.whatsapp.com\/B8Qy6Erx4kb6yTzj3kaDco\" target=\"_blank\"><br \/>\n                  <img decoding=\"async\" src=\"https:\/\/diariodobrasilnoticias.com.br\/assets-site\/images\/bot_whatsapp.png\"\/><\/a>\n              <\/div>\n<div class=\"col-sm-6\">\n                <a href=\"https:\/\/t.me\/+_4gTmi5LKo03OTM5\" target=\"_blank\"><br \/>\n                  <img decoding=\"async\" src=\"https:\/\/diariodobrasilnoticias.com.br\/assets-site\/images\/bot_telegram.png\"\/><\/a>\n              <\/div>\n<\/p><\/div>\n<p>            <!-- end post-navigation --><\/p>\n<p>              <!-- end row --><\/p>\n<p>              <!-- end col-12-->\n                      <\/div>\n<p><br \/>\n<br \/><a href=\"https:\/\/diariodobrasilnoticias.com.br\/noticia\/apos-ameaca-de-trump-hamas-volta-atras-e-decide-cumprir-o-acordo-67ae20457700b\">Source link <\/a><\/p>","protected":false},"excerpt":{"rendered":"<p>Foto: EFE\/EPA\/JIM LO SCALZO \/ POOL O grupo terrorista Hamas confirmou nesta quinta-feira (13) que ir\u00e1 libertar mais tr\u00eas ref\u00e9ns israelenses no pr\u00f3ximo s\u00e1bado (15), como planejado, abrindo caminho para&hellip;<\/p>","protected":false},"author":1,"featured_media":102441,"comment_status":"closed","ping_status":"open","sticky":false,"template":"","format":"standard","meta":{"content-type":"","footnotes":""},"categories":[16],"tags":[123,2448,5313,1267],"class_list":["post-102440","post","type-post","status-publish","format-standard","has-post-thumbnail","hentry","category-noticias","tag-brasil","tag-diario","tag-noticia","tag-noticias"],"_links":{"self":[{"href":"https:\/\/tvbrazilusa.com\/pt\/wp-json\/wp\/v2\/posts\/102440","targetHints":{"allow":["GET"]}}],"collection":[{"href":"https:\/\/tvbrazilusa.com\/pt\/wp-json\/wp\/v2\/posts"}],"about":[{"href":"https:\/\/tvbrazilusa.com\/pt\/wp-json\/wp\/v2\/types\/post"}],"author":[{"embeddable":true,"href":"https:\/\/tvbrazilusa.com\/pt\/wp-json\/wp\/v2\/users\/1"}],"replies":[{"embeddable":true,"href":"https:\/\/tvbrazilusa.com\/pt\/wp-json\/wp\/v2\/comments?post=102440"}],"version-history":[{"count":1,"href":"https:\/\/tvbrazilusa.com\/pt\/wp-json\/wp\/v2\/posts\/102440\/revisions"}],"predecessor-version":[{"id":102442,"href":"https:\/\/tvbrazilusa.com\/pt\/wp-json\/wp\/v2\/posts\/102440\/revisions\/102442"}],"wp:featuredmedia":[{"embeddable":true,"href":"https:\/\/tvbrazilusa.com\/pt\/wp-json\/wp\/v2\/media\/102441"}],"wp:attachment":[{"href":"https:\/\/tvbrazilusa.com\/pt\/wp-json\/wp\/v2\/media?parent=102440"}],"wp:term":[{"taxonomy":"category","embeddable":true,"href":"https:\/\/tvbrazilusa.com\/pt\/wp-json\/wp\/v2\/categories?post=102440"},{"taxonomy":"post_tag","embeddable":true,"href":"https:\/\/tvbrazilusa.com\/pt\/wp-json\/wp\/v2\/tags?post=102440"}],"curies":[{"name":"wp","href":"https:\/\/api.w.org\/{rel}","templated":true}]}}