{"id":102446,"date":"2025-02-13T17:05:58","date_gmt":"2025-02-13T17:05:58","guid":{"rendered":"https:\/\/tvbrazilusa.com\/2025\/02\/13\/stf-e-ministerio-da-justica-lancam-o-plano-pena-justa-saiba-mais\/"},"modified":"2025-02-13T17:06:00","modified_gmt":"2025-02-13T17:06:00","slug":"stf-e-ministerio-da-justica-lancam-o-plano-pena-justa-saiba-mais","status":"publish","type":"post","link":"https:\/\/tvbrazilusa.com\/pt\/2025\/02\/13\/stf-e-ministerio-da-justica-lancam-o-plano-pena-justa-saiba-mais\/","title":{"rendered":"STF e Minist\u00e9rio da Justi\u00e7a lan\u00e7am o \u2018Plano Pena Justa\u2019; saiba mais"},"content":{"rendered":"<p> <script async src=\"https:\/\/pagead2.googlesyndication.com\/pagead\/js\/adsbygoogle.js?client=ca-pub-8864793242727901\"\r\n     crossorigin=\"anonymous\"><\/script><br \/>\n<\/p>\n<div>\n<figure class=\"post-image\">\n<\/figure>\n<p>            <span style=\"font-size: 12px\">STF &#8211; Cr\u00e9ditos: depositphotos.com \/ diegograndi<\/span><\/p>\n<p>            <!-- end metas --><br \/>\n            <!-- ADS --><\/p>\n<div id=\"taboola-read-more\" style=\"display:block; width:100%\">\n<p>Nesta quarta-feira (12\/2), o Supremo Tribunal Federal (STF) introduziu uma nova iniciativa focada na melhoria das condi\u00e7\u00f5es de pres\u00eddios no Brasil, conhecida como Plano Pena Justa. Este plano \u00e9 uma resposta \u00e0s viola\u00e7\u00f5es de direitos humanos que ocorrem em muitos pres\u00eddios do pa\u00eds. Dentro desse contexto, foi lan\u00e7ado o Emprega 347, um projeto destinado a criar oportunidades de emprego para presos em regime semiaberto e ex-detentos, com vagas em obras do Programa de Acelera\u00e7\u00e3o do Crescimento (PAC).\n<\/p>\n<p>Durante uma cerim\u00f4nia no STF, o ministro Roberto Barroso enfatizou a import\u00e2ncia do trabalho e da educa\u00e7\u00e3o na reabilita\u00e7\u00e3o dos presos. A iniciativa ser\u00e1 regulamentada por uma resolu\u00e7\u00e3o do Conselho Nacional de Justi\u00e7a (CNJ), promovendo parcerias entre institui\u00e7\u00f5es p\u00fablicas e privadas. Dentre as autoridades presentes estavam o ministro da Justi\u00e7a e Seguran\u00e7a P\u00fablica, Ricardo Lewandowski, e o procurador geral da Rep\u00fablica, Paulo Gonet.<\/p>\n<p><strong>Como funciona o Plano Pena Justa?<\/strong>\n<\/p>\n<p>O Plano Pena Justa foi elaborado ap\u00f3s o STF determinar que o governo federal criasse um plano nacional para abordar as condi\u00e7\u00f5es prec\u00e1rias nos pres\u00eddios brasileiros. Este plano surgiu ap\u00f3s a constata\u00e7\u00e3o do \u201cestado de coisas inconstitucional\u201d, uma situa\u00e7\u00e3o em que h\u00e1 viola\u00e7\u00f5es generalizadas de direitos fundamentais, oriundas da inefic\u00e1cia das autoridades em resolv\u00ea-las.\n<\/p>\n<\/p><\/div>\n<p>                        <!-- Scripts para conteudo --><\/p>\n<p>            <!-- .\/Scripts para conteudo --><br \/>\n            <!-- .\/Mat\u00e9ria --><\/p>\n<div class=\"row mt-3\">\n<div class=\"col-sm-6\">\n                <!-- Whatsapp channel 3--><br \/>\n                <a href=\"https:\/\/chat.whatsapp.com\/B8Qy6Erx4kb6yTzj3kaDco\" target=\"_blank\"><br \/>\n                  <img decoding=\"async\" src=\"https:\/\/diariodobrasilnoticias.com.br\/assets-site\/images\/bot_whatsapp.png\"\/><\/a>\n              <\/div>\n<div class=\"col-sm-6\">\n                <a href=\"https:\/\/t.me\/+_4gTmi5LKo03OTM5\" target=\"_blank\"><br \/>\n                  <img decoding=\"async\" src=\"https:\/\/diariodobrasilnoticias.com.br\/assets-site\/images\/bot_telegram.png\"\/><\/a>\n              <\/div>\n<\/p><\/div>\n<p>            <!-- end post-navigation --><\/p>\n<p>              <!-- end row --><\/p>\n<p>              <!-- end col-12-->\n                      <\/div>\n<p><br \/>\n<br \/><a href=\"https:\/\/diariodobrasilnoticias.com.br\/noticia\/stf-e-ministerio-da-justica-lancam-o-plano-pena-justa-saiba-mais-67ae113557179\">Source link <\/a><\/p>","protected":false},"excerpt":{"rendered":"<p>STF &#8211; Cr\u00e9ditos: depositphotos.com \/ diegograndi Nesta quarta-feira (12\/2), o Supremo Tribunal Federal (STF) introduziu uma nova iniciativa focada na melhoria das condi\u00e7\u00f5es de pres\u00eddios no Brasil, conhecida como Plano&hellip;<\/p>","protected":false},"author":1,"featured_media":102447,"comment_status":"closed","ping_status":"open","sticky":false,"template":"","format":"standard","meta":{"content-type":"","footnotes":""},"categories":[16],"tags":[123,2448,5313,1267],"class_list":["post-102446","post","type-post","status-publish","format-standard","has-post-thumbnail","hentry","category-noticias","tag-brasil","tag-diario","tag-noticia","tag-noticias"],"_links":{"self":[{"href":"https:\/\/tvbrazilusa.com\/pt\/wp-json\/wp\/v2\/posts\/102446","targetHints":{"allow":["GET"]}}],"collection":[{"href":"https:\/\/tvbrazilusa.com\/pt\/wp-json\/wp\/v2\/posts"}],"about":[{"href":"https:\/\/tvbrazilusa.com\/pt\/wp-json\/wp\/v2\/types\/post"}],"author":[{"embeddable":true,"href":"https:\/\/tvbrazilusa.com\/pt\/wp-json\/wp\/v2\/users\/1"}],"replies":[{"embeddable":true,"href":"https:\/\/tvbrazilusa.com\/pt\/wp-json\/wp\/v2\/comments?post=102446"}],"version-history":[{"count":1,"href":"https:\/\/tvbrazilusa.com\/pt\/wp-json\/wp\/v2\/posts\/102446\/revisions"}],"predecessor-version":[{"id":102448,"href":"https:\/\/tvbrazilusa.com\/pt\/wp-json\/wp\/v2\/posts\/102446\/revisions\/102448"}],"wp:featuredmedia":[{"embeddable":true,"href":"https:\/\/tvbrazilusa.com\/pt\/wp-json\/wp\/v2\/media\/102447"}],"wp:attachment":[{"href":"https:\/\/tvbrazilusa.com\/pt\/wp-json\/wp\/v2\/media?parent=102446"}],"wp:term":[{"taxonomy":"category","embeddable":true,"href":"https:\/\/tvbrazilusa.com\/pt\/wp-json\/wp\/v2\/categories?post=102446"},{"taxonomy":"post_tag","embeddable":true,"href":"https:\/\/tvbrazilusa.com\/pt\/wp-json\/wp\/v2\/tags?post=102446"}],"curies":[{"name":"wp","href":"https:\/\/api.w.org\/{rel}","templated":true}]}}