{"id":102452,"date":"2025-02-13T17:18:22","date_gmt":"2025-02-13T17:18:22","guid":{"rendered":"https:\/\/tvbrazilusa.com\/2025\/02\/13\/maca-emagrece-ou-e-um-mito-descubra-seus-beneficios-na-dieta\/"},"modified":"2025-02-13T17:18:24","modified_gmt":"2025-02-13T17:18:24","slug":"maca-emagrece-ou-e-um-mito-descubra-seus-beneficios-na-dieta","status":"publish","type":"post","link":"https:\/\/tvbrazilusa.com\/pt\/2025\/02\/13\/maca-emagrece-ou-e-um-mito-descubra-seus-beneficios-na-dieta\/","title":{"rendered":"Ma\u00e7\u00e3 emagrece ou \u00e9 um mito? Descubra seus benef\u00edcios na dieta"},"content":{"rendered":"<p> <script async src=\"https:\/\/pagead2.googlesyndication.com\/pagead\/js\/adsbygoogle.js?client=ca-pub-8864793242727901\"\r\n     crossorigin=\"anonymous\"><\/script><br \/>\n<\/p>\n<div id=\"taboola-read-more\" style=\"display:block; width:100%\">\n<p>A busca por alimentos que auxiliam no emagrecimento leva muitas pessoas a questionarem o papel da ma\u00e7\u00e3 na perda de peso. Popularmente conhecida por seus benef\u00edcios \u00e0 sa\u00fade, essa fruta realmente contribui para o emagrecimento ou isso \u00e9 apenas um mito? Para esclarecer essa d\u00favida, analisamos suas propriedades nutricionais e seu impacto na dieta.\n<\/p>\n<p>Ma\u00e7\u00e3 Ajuda a Emagrecer? Entenda os Fatos<\/p>\n<p>A ma\u00e7\u00e3 \u00e9 frequentemente associada \u00e0 perda de peso devido ao seu baixo teor cal\u00f3rico e alto teor de fibras, o que promove saciedade e pode reduzir a ingest\u00e3o cal\u00f3rica ao longo do dia. Al\u00e9m disso, seu alto percentual de \u00e1gua auxilia na hidrata\u00e7\u00e3o e no funcionamento do metabolismo. No entanto, \u00e9 essencial compreender que nenhum alimento, isoladamente, causa emagrecimento. A chave para perder peso est\u00e1 no d\u00e9ficit cal\u00f3rico, ou seja, consumir menos calorias do que se gasta.\n<\/p>\n<p>Quais S\u00e3o os Benef\u00edcios Nutricionais da Ma\u00e7\u00e3?<br \/>A ma\u00e7\u00e3 \u00e9 uma fruta rica em nutrientes essenciais para a sa\u00fade. Veja alguns de seus principais componentes:\n<\/p>\n<p>Fibras \u2013 Contribuem para a digest\u00e3o, controle do apetite e regula\u00e7\u00e3o intestinal.<br \/>Vitamina C \u2013 Fortalece o sistema imunol\u00f3gico e tem a\u00e7\u00e3o antioxidante.<br \/>Pot\u00e1ssio \u2013 Essencial para a sa\u00fade cardiovascular e equil\u00edbrio dos l\u00edquidos no corpo.<br \/>Baixo \u00cdndice Cal\u00f3rico \u2013 Uma ma\u00e7\u00e3 m\u00e9dia cont\u00e9m cerca de 95 calorias, sendo uma excelente op\u00e7\u00e3o para lanches saud\u00e1veis.<br \/>Alto Teor de \u00c1gua \u2013 Ajuda na hidrata\u00e7\u00e3o e na absor\u00e7\u00e3o dos nutrientes.\n<\/p>\n<p>\u00c9 ela sozinha Emagrece? Quando Ela Pode N\u00e3o Ajudar?\n<\/p>\n<p>Embora a ma\u00e7\u00e3 seja um excelente complemento para dietas equilibradas, consumi-la em excesso pode atrapalhar o emagrecimento. Isso porque, como qualquer outro alimento, a ma\u00e7\u00e3 cont\u00e9m calorias e a\u00e7\u00facares naturais. Al\u00e9m disso, dietas extremamente restritivas em carboidratos podem limitar o consumo de frutas, incluindo a ma\u00e7\u00e3.\n<\/p>\n<p>Outro ponto importante \u00e9 que comer ma\u00e7\u00e3s sem mudan\u00e7as no restante da alimenta\u00e7\u00e3o ou sem a pr\u00e1tica de exerc\u00edcios n\u00e3o trar\u00e1 resultados significativos na perda de peso. O emagrecimento depende de um conjunto de h\u00e1bitos saud\u00e1veis, e n\u00e3o de um \u00fanico alimento.\n<\/p>\n<p>Como incluir a esta delicia na dieta de forma estrat\u00e9gica?<\/p>\n<p>Para aproveitar ao m\u00e1ximo os benef\u00edcios da ma\u00e7\u00e3, experimente adicion\u00e1-la a refei\u00e7\u00f5es equilibradas:\n<\/p>\n<p>No caf\u00e9 da manh\u00e3 \u2013 Combine fatias de ma\u00e7\u00e3 com iogurte natural e aveia para um in\u00edcio de dia nutritivo.<br \/>Nas refei\u00e7\u00f5es principais \u2013 Adicione peda\u00e7os de ma\u00e7\u00e3 em saladas para um toque agridoce.<br \/>Nos lanches \u2013 Consuma ma\u00e7\u00e3 com uma fonte de prote\u00edna, como queijo ou pasta de amendoim, para aumentar a saciedade.<br \/>Em bebidas saud\u00e1veis \u2013 Utilize a fruta em smoothies combinados com vegetais e prote\u00ednas.\n<\/p>\n<p>A Ma\u00e7\u00e3 Pode Ser Uma Aliada no Emagrecimento?<\/p>\n<p>Sim, a ma\u00e7\u00e3 pode contribuir para a perda de peso, principalmente devido \u00e0 sua capacidade de aumentar a saciedade e reduzir a ingest\u00e3o cal\u00f3rica ao longo do dia. No entanto, ela n\u00e3o \u00e9 um alimento milagroso e deve ser consumida dentro de uma estrat\u00e9gia alimentar equilibrada, acompanhada por h\u00e1bitos saud\u00e1veis como a pr\u00e1tica de exerc\u00edcios f\u00edsicos e o controle da ingest\u00e3o cal\u00f3rica.\n<\/p>\n<p>Se voc\u00ea deseja emagrecer de forma sustent\u00e1vel, a melhor abordagem \u00e9 combinar uma alimenta\u00e7\u00e3o variada, rica em fibras e prote\u00ednas, com um estilo de vida ativo e equilibrado.\n<\/p>\n<p>Fonte: Terra Brasil\n              <\/p>\n<\/div>\n<p><br \/>\n<br \/><a href=\"https:\/\/diariodobrasilnoticias.com.br\/noticia\/maca-emagrece-ou-e-um-mito-descubra-seus-beneficios-na-dieta-67ae1096150a7\">Source link <\/a><\/p>","protected":false},"excerpt":{"rendered":"<p>A busca por alimentos que auxiliam no emagrecimento leva muitas pessoas a questionarem o papel da ma\u00e7\u00e3 na perda de peso. Popularmente conhecida por seus benef\u00edcios \u00e0 sa\u00fade, essa fruta&hellip;<\/p>","protected":false},"author":1,"featured_media":102453,"comment_status":"closed","ping_status":"open","sticky":false,"template":"","format":"standard","meta":{"content-type":"","footnotes":""},"categories":[16],"tags":[123,2448,5313,1267],"class_list":["post-102452","post","type-post","status-publish","format-standard","has-post-thumbnail","hentry","category-noticias","tag-brasil","tag-diario","tag-noticia","tag-noticias"],"_links":{"self":[{"href":"https:\/\/tvbrazilusa.com\/pt\/wp-json\/wp\/v2\/posts\/102452","targetHints":{"allow":["GET"]}}],"collection":[{"href":"https:\/\/tvbrazilusa.com\/pt\/wp-json\/wp\/v2\/posts"}],"about":[{"href":"https:\/\/tvbrazilusa.com\/pt\/wp-json\/wp\/v2\/types\/post"}],"author":[{"embeddable":true,"href":"https:\/\/tvbrazilusa.com\/pt\/wp-json\/wp\/v2\/users\/1"}],"replies":[{"embeddable":true,"href":"https:\/\/tvbrazilusa.com\/pt\/wp-json\/wp\/v2\/comments?post=102452"}],"version-history":[{"count":1,"href":"https:\/\/tvbrazilusa.com\/pt\/wp-json\/wp\/v2\/posts\/102452\/revisions"}],"predecessor-version":[{"id":102454,"href":"https:\/\/tvbrazilusa.com\/pt\/wp-json\/wp\/v2\/posts\/102452\/revisions\/102454"}],"wp:featuredmedia":[{"embeddable":true,"href":"https:\/\/tvbrazilusa.com\/pt\/wp-json\/wp\/v2\/media\/102453"}],"wp:attachment":[{"href":"https:\/\/tvbrazilusa.com\/pt\/wp-json\/wp\/v2\/media?parent=102452"}],"wp:term":[{"taxonomy":"category","embeddable":true,"href":"https:\/\/tvbrazilusa.com\/pt\/wp-json\/wp\/v2\/categories?post=102452"},{"taxonomy":"post_tag","embeddable":true,"href":"https:\/\/tvbrazilusa.com\/pt\/wp-json\/wp\/v2\/tags?post=102452"}],"curies":[{"name":"wp","href":"https:\/\/api.w.org\/{rel}","templated":true}]}}