{"id":102458,"date":"2025-02-13T17:34:05","date_gmt":"2025-02-13T17:34:05","guid":{"rendered":"https:\/\/tvbrazilusa.com\/2025\/02\/13\/justica-determina-que-carla-zambelli-exclua-posts-com-acusacoes-contra-vera-magalhaes\/"},"modified":"2025-02-13T17:34:07","modified_gmt":"2025-02-13T17:34:07","slug":"justica-determina-que-carla-zambelli-exclua-posts-com-acusacoes-contra-vera-magalhaes","status":"publish","type":"post","link":"https:\/\/tvbrazilusa.com\/pt\/2025\/02\/13\/justica-determina-que-carla-zambelli-exclua-posts-com-acusacoes-contra-vera-magalhaes\/","title":{"rendered":"Justi\u00e7a determina que Carla Zambelli exclua posts com acusa\u00e7\u00f5es contra Vera Magalh\u00e3es"},"content":{"rendered":"<p> <script async src=\"https:\/\/pagead2.googlesyndication.com\/pagead\/js\/adsbygoogle.js?client=ca-pub-8864793242727901\"\r\n     crossorigin=\"anonymous\"><\/script><br \/>\n<\/p>\n<div id=\"taboola-read-more\" style=\"display:block; width:100%\">\n<p>A Justi\u00e7a de S\u00e3o Paulo mandou a deputada federal Carla Zambelli (PL) remover conte\u00fado de suas redes sociais com refer\u00eancia \u00e0 jornalista Vera Magalh\u00e3es, apresentadora do programa Roda Viva, da TV Cultura.\n<\/p>\n<p>Para o juiz Paulo Rog\u00e9rio Santos Pinheiro, da 43\u00aa Vara C\u00edvel, a deputada bolsonarista disseminou informa\u00e7\u00f5es falsas e ofensivas sobre a jornalista. Cabe recurso.<\/p>\n<p>Em 2022, Zambelli compartilhou falas do ent\u00e3o presidente Jair Bolsonaro (PL) de que Vera seria &#8220;uma vergonha para o jornalismo&#8221; e que tinha paix\u00e3o por ele.\n<\/p>\n<p>A deputada, ainda, afirmou que a jornalista agiu como uma &#8220;pessoa sexista, machista, cristof\u00f3bica e de forma indireta, apoiando estupro e pedofilia&#8221; em rea\u00e7\u00e3o a uma declara\u00e7\u00e3o da ex-ministra Damares Alves, que disse ter sofrido abuso sexual em sua inf\u00e2ncia.\n<\/p>\n<p>A jornalista diz ter se retratado com Damares, hoje senadora, assim que soube que ela fora v\u00edtima de viol\u00eancia.\n<\/p>\n<p>Na a\u00e7\u00e3o, Zambelli disse que possu\u00eda imunidade parlamentar &#8220;com inviolabilidade por opini\u00f5es, palavras e votos&#8221; e que n\u00e3o houve ato il\u00edcito em raz\u00e3o da liberdade de express\u00e3o.\n<\/p>\n<p>O juiz entendeu que pol\u00edticos e jornalistas renomados est\u00e3o sujeitos a cr\u00edticas. No entanto, assinalou que n\u00e3o h\u00e1 espa\u00e7os para informa\u00e7\u00f5es falsas.\n<\/p>\n<p>&#8220;As fake news disseminam desinforma\u00e7\u00e3o, fomentam o \u00f3dio e violam o direito da comunidade \u00e0 informa\u00e7\u00e3o confi\u00e1vel e segura&#8221;, escreveu o magistrado.\n<\/p>\n<p>Pinheiro, por\u00e9m, aceitou a imunidade parlamentar da deputada para negar o pedido de condena\u00e7\u00e3o por danos morais.\n<\/p>\n<p>Defensores da jornalista, os advogados Igor Sant\u2019Anna Tamasauskas e Beatriz Canotilho Logarezzi consideram que &#8220;a senten\u00e7a faz uma an\u00e1lise correta sobre as publica\u00e7\u00f5es falsas da deputada, mas \u00e9 contradit\u00f3ria ao citar a suposta exist\u00eancia de imunidade parlamentar&#8221;.\n<\/p>\n<p>Com isso, eles pretendem recorrer ao Tribunal de Justi\u00e7a para que reconhe\u00e7a o pedido de indeniza\u00e7\u00e3o por danos morais.\n<\/p>\n<p>&#8220;A imunidade parlamentar n\u00e3o protege atitudes desonestas, ataques, agress\u00f5es e dissemina\u00e7\u00e3o de not\u00edcias falsas, que s\u00e3o, inclusive, contr\u00e1rias ao esp\u00edrito que deve balizar a atua\u00e7\u00e3o de uma representante do povo&#8221;, afirma Tamasauskas.\n<\/p>\n<p>Procurada, Zambelli n\u00e3o se manifestou at\u00e9 a publica\u00e7\u00e3o deste texto.<\/p>\n<p>Fonte: Folha de S. Paulo              <\/p>\n<\/div>\n<p><br \/>\n<br \/><a href=\"https:\/\/diariodobrasilnoticias.com.br\/noticia\/justica-determina-que-carla-zambelli-exclua-posts-com-acusacoes-contra-vera-magalhaes-67ae0d37b25d9\">Source link <\/a><\/p>","protected":false},"excerpt":{"rendered":"<p>A Justi\u00e7a de S\u00e3o Paulo mandou a deputada federal Carla Zambelli (PL) remover conte\u00fado de suas redes sociais com refer\u00eancia \u00e0 jornalista Vera Magalh\u00e3es, apresentadora do programa Roda Viva, da&hellip;<\/p>","protected":false},"author":1,"featured_media":102459,"comment_status":"closed","ping_status":"open","sticky":false,"template":"","format":"standard","meta":{"content-type":"","footnotes":""},"categories":[16],"tags":[123,2448,5313,1267],"class_list":["post-102458","post","type-post","status-publish","format-standard","has-post-thumbnail","hentry","category-noticias","tag-brasil","tag-diario","tag-noticia","tag-noticias"],"_links":{"self":[{"href":"https:\/\/tvbrazilusa.com\/pt\/wp-json\/wp\/v2\/posts\/102458","targetHints":{"allow":["GET"]}}],"collection":[{"href":"https:\/\/tvbrazilusa.com\/pt\/wp-json\/wp\/v2\/posts"}],"about":[{"href":"https:\/\/tvbrazilusa.com\/pt\/wp-json\/wp\/v2\/types\/post"}],"author":[{"embeddable":true,"href":"https:\/\/tvbrazilusa.com\/pt\/wp-json\/wp\/v2\/users\/1"}],"replies":[{"embeddable":true,"href":"https:\/\/tvbrazilusa.com\/pt\/wp-json\/wp\/v2\/comments?post=102458"}],"version-history":[{"count":1,"href":"https:\/\/tvbrazilusa.com\/pt\/wp-json\/wp\/v2\/posts\/102458\/revisions"}],"predecessor-version":[{"id":102460,"href":"https:\/\/tvbrazilusa.com\/pt\/wp-json\/wp\/v2\/posts\/102458\/revisions\/102460"}],"wp:featuredmedia":[{"embeddable":true,"href":"https:\/\/tvbrazilusa.com\/pt\/wp-json\/wp\/v2\/media\/102459"}],"wp:attachment":[{"href":"https:\/\/tvbrazilusa.com\/pt\/wp-json\/wp\/v2\/media?parent=102458"}],"wp:term":[{"taxonomy":"category","embeddable":true,"href":"https:\/\/tvbrazilusa.com\/pt\/wp-json\/wp\/v2\/categories?post=102458"},{"taxonomy":"post_tag","embeddable":true,"href":"https:\/\/tvbrazilusa.com\/pt\/wp-json\/wp\/v2\/tags?post=102458"}],"curies":[{"name":"wp","href":"https:\/\/api.w.org\/{rel}","templated":true}]}}