{"id":102474,"date":"2025-02-13T18:08:12","date_gmt":"2025-02-13T18:08:12","guid":{"rendered":"https:\/\/tvbrazilusa.com\/2025\/02\/13\/publicacao-traz-dados-cientificos-que-reforcam-teoria-do-descobrimento-do-brasil-no-rn\/"},"modified":"2025-02-13T18:08:13","modified_gmt":"2025-02-13T18:08:13","slug":"publicacao-traz-dados-cientificos-que-reforcam-teoria-do-descobrimento-do-brasil-no-rn","status":"publish","type":"post","link":"https:\/\/tvbrazilusa.com\/pt\/2025\/02\/13\/publicacao-traz-dados-cientificos-que-reforcam-teoria-do-descobrimento-do-brasil-no-rn\/","title":{"rendered":"Publica\u00e7\u00e3o traz dados cient\u00edficos que refor\u00e7am teoria do descobrimento do Brasil no RN"},"content":{"rendered":"<p> <script async src=\"https:\/\/pagead2.googlesyndication.com\/pagead\/js\/adsbygoogle.js?client=ca-pub-8864793242727901\"\r\n     crossorigin=\"anonymous\"><\/script><br \/>\n<\/p>\n<div id=\"taboola-read-more\" style=\"display:block; width:100%\">\n<p>A tese de que o primeiro \u201cterra \u00e0 vista\u201d portugu\u00eas para o Brasil foi emitido no Rio Grande do Norte e n\u00e3o na Bahia, ganhou mais um refor\u00e7o te\u00f3rico no novo livro do pesquisador Manoel de Oliveira Neto, \u201cBrasil 1500 \u2013 A verdade\u201d. Seguidor h\u00e1 anos da tese do historiador pernambucano Lenine Pinto (1930-2019), o primeiro a defender com afinco a teoria alternativa do \u201cdescobrimento\u201d, Manoel refor\u00e7a seus estudos anteriores atrav\u00e9s de novas leituras que unem elementos cient\u00edficos e fontes prim\u00e1rias da \u00e9poca.\n<\/p>\n<p>O novo livro de Manoel Neto \u00e9 um desdobramento do anterior, \u201c1500 \u2013 De Portugal ao Saliente Potiguar\u201d, lan\u00e7ado em 2018. \u201cMeu primeiro livro ainda era muito calcado no material de Lenine, mas no segundo eu fa\u00e7o novas observa\u00e7\u00f5es, levando em conta estudos que incluem f\u00edsica e matem\u00e1tica, um ponto de an\u00e1lise mais cient\u00edfico sobre algumas informa\u00e7\u00f5es que j\u00e1 estavam na carta de Pero Vaz de Caminha\u201d, ressalta ele, que \u00e9 engenheiro civil de forma\u00e7\u00e3o.<\/p>\n<p>A obra deseja refor\u00e7ar as evid\u00eancias de que a praia do Marco, no munic\u00edpio de Touros, foi a porta oficial de entrada no Brasil para a coloniza\u00e7\u00e3o portuguesa, um ano antes da fixa\u00e7\u00e3o do monumento no local (em 1501). \u201cO Marco de Touros \u00e9 o monumento colonial mais antigo das Am\u00e9ricas p\u00f3s Colombo, e isso \u00e9 indiscut\u00edvel\u201d, enfatiza o pesquisador.\n<\/p>\n<p>A fonte primordial de Manoel Neto \u00e9 a carta de Caminha, que ainda \u00e9 o \u00fanico documento portugu\u00eas autenticado e certificado sobre o descobrimento. \u201cFui pelo caminho de estudar melhor os dados cient\u00edficos que a carta traz, como dist\u00e2ncia, profundidade, sentidos de navega\u00e7\u00e3o e a a\u00e7\u00e3o dos ventos, elementos que precisavam de novas interpreta\u00e7\u00f5es\u201d, diz.\n<\/p>\n<p>O autor fez uma segunda visita a Portugal em 2019, consultou mais trabalhos acad\u00eamicos, livros, autores brasileiros e estrangeiros \u2013 e incluiu dois trabalhos de f\u00edsica que foram fundamentais para renovar a tese. Esse estudo tem rela\u00e7\u00e3o com a chamada For\u00e7a de Coriolis, uma \u201cfor\u00e7a inercial\u201d perpendicular \u00e0 velocidade e tamb\u00e9m ao eixo de rota\u00e7\u00e3o do sistema n\u00e3o inercial em rela\u00e7\u00e3o ao inercial.\n<\/p>\n<p>Serra Verde\n<\/p>\n<p>Segundo Manoel Neto, as embarca\u00e7\u00f5es de Cabral atrav\u00e9s de ventos, correntes e ondas, sob as for\u00e7as de Coriolis, foram levadas at\u00e9 as futuras terras potiguares. Um dos fatos apontados por Lenine Pinto \u00e9 de que o \u201cmonte Pascoal\u201d visto pelos portugueses seria na verdade o Pico do Cabugi. Manoel Neto tem outra tese: \u201cSegundo meus c\u00e1lculos, o tal \u2018monte alto e redondo\u2019 seria a Serra Verde, no que hoje \u00e9 a atual Jo\u00e3o C\u00e2mara, que fica a menos de 90 km do ponto de avistamento inicial\u201d, afirma.\n<\/p>\n<p>Para al\u00e9m da carta de Caminha, Manoel Neto tamb\u00e9m procurou autores que tamb\u00e9m viveram no per\u00edodo (s\u00e9culo 16) e deram pequenas pistas sobre sobre o acontecimento, como o cosm\u00f3grafo Duarte Pacheco Pereira, Dami\u00e3o de G\u00f3is, e Pero Lopes Castanheda. Elas se unem \u00e0s an\u00e1lises de correntes mar\u00edtimas e descri\u00e7\u00f5es topogr\u00e1ficas que validam a vis\u00e3o do pesquisador sobre o assunto.\n<\/p>\n<p>Manoel Neto tem consci\u00eancia que a tese defendida por ele e Lenine \u00e9, para muitos, pol\u00eamica. Um estudo que contradiz o oficial, estabelecido h\u00e1 s\u00e9culos, n\u00e3o seria aceito com tanta facilidade. Mas n\u00e3o o impede de ser considerado e avaliado. \u201cEu sei que ser\u00e1 uma tese sempre questionada, mas o pr\u00f3prio Rio Grande do Norte poderia lev\u00e1-la mais a s\u00e9rio at\u00e9 para benef\u00edcio pr\u00f3prio\u201d, afirma.\n<\/p>\n<p>Segundo o escritor e poeta Di\u00f3genes da Cunha Lima, que fez a apresenta\u00e7\u00e3o de \u201cBrasil 1500\u201d, a nova tese de descobrimento poderia gerar uma nova possibilidade de projetar o turismo hist\u00f3rico-cultural potiguar. \u201cAl\u00e9m da discuss\u00e3o em torno de um tema importante, amplia a divulga\u00e7\u00e3o do nosso Estado na m\u00eddia para al\u00e9m do sol e mar\u201d, escreveu.\n<\/p>\n<p>Fonte: Tribuna do Norte              <\/p>\n<\/div>\n<p><br \/>\n<br \/><a href=\"https:\/\/diariodobrasilnoticias.com.br\/noticia\/publicacao-traz-dados-cientificos-que-reforcam-teoria-do-descobrimento-do-brasil-no-rn-67ae1f8a976ef\">Source link <\/a><\/p>","protected":false},"excerpt":{"rendered":"<p>A tese de que o primeiro \u201cterra \u00e0 vista\u201d portugu\u00eas para o Brasil foi emitido no Rio Grande do Norte e n\u00e3o na Bahia, ganhou mais um refor\u00e7o te\u00f3rico no&hellip;<\/p>","protected":false},"author":1,"featured_media":102475,"comment_status":"closed","ping_status":"open","sticky":false,"template":"","format":"standard","meta":{"content-type":"","footnotes":""},"categories":[16],"tags":[123,2448,5313,1267],"class_list":["post-102474","post","type-post","status-publish","format-standard","has-post-thumbnail","hentry","category-noticias","tag-brasil","tag-diario","tag-noticia","tag-noticias"],"_links":{"self":[{"href":"https:\/\/tvbrazilusa.com\/pt\/wp-json\/wp\/v2\/posts\/102474","targetHints":{"allow":["GET"]}}],"collection":[{"href":"https:\/\/tvbrazilusa.com\/pt\/wp-json\/wp\/v2\/posts"}],"about":[{"href":"https:\/\/tvbrazilusa.com\/pt\/wp-json\/wp\/v2\/types\/post"}],"author":[{"embeddable":true,"href":"https:\/\/tvbrazilusa.com\/pt\/wp-json\/wp\/v2\/users\/1"}],"replies":[{"embeddable":true,"href":"https:\/\/tvbrazilusa.com\/pt\/wp-json\/wp\/v2\/comments?post=102474"}],"version-history":[{"count":1,"href":"https:\/\/tvbrazilusa.com\/pt\/wp-json\/wp\/v2\/posts\/102474\/revisions"}],"predecessor-version":[{"id":102476,"href":"https:\/\/tvbrazilusa.com\/pt\/wp-json\/wp\/v2\/posts\/102474\/revisions\/102476"}],"wp:featuredmedia":[{"embeddable":true,"href":"https:\/\/tvbrazilusa.com\/pt\/wp-json\/wp\/v2\/media\/102475"}],"wp:attachment":[{"href":"https:\/\/tvbrazilusa.com\/pt\/wp-json\/wp\/v2\/media?parent=102474"}],"wp:term":[{"taxonomy":"category","embeddable":true,"href":"https:\/\/tvbrazilusa.com\/pt\/wp-json\/wp\/v2\/categories?post=102474"},{"taxonomy":"post_tag","embeddable":true,"href":"https:\/\/tvbrazilusa.com\/pt\/wp-json\/wp\/v2\/tags?post=102474"}],"curies":[{"name":"wp","href":"https:\/\/api.w.org\/{rel}","templated":true}]}}