{"id":102482,"date":"2025-02-13T18:20:22","date_gmt":"2025-02-13T18:20:22","guid":{"rendered":"https:\/\/tvbrazilusa.com\/2025\/02\/13\/homem-atira-acidentalmente-na-propria-perna-enquanto-assaltava-loja-veja-video\/"},"modified":"2025-02-13T18:20:23","modified_gmt":"2025-02-13T18:20:23","slug":"homem-atira-acidentalmente-na-propria-perna-enquanto-assaltava-loja-veja-video","status":"publish","type":"post","link":"https:\/\/tvbrazilusa.com\/pt\/2025\/02\/13\/homem-atira-acidentalmente-na-propria-perna-enquanto-assaltava-loja-veja-video\/","title":{"rendered":"Homem atira acidentalmente na pr\u00f3pria perna enquanto assaltava loja; VEJA V\u00cdDEO"},"content":{"rendered":"<p> <script async src=\"https:\/\/pagead2.googlesyndication.com\/pagead\/js\/adsbygoogle.js?client=ca-pub-8864793242727901\"\r\n     crossorigin=\"anonymous\"><\/script><br \/>\n<\/p>\n<div id=\"taboola-read-more\" style=\"display:block; width:100%\">\n<p>Um homem que estava assaltando uma loja de roupas em Belo Horizonte deu um tiro acidental na pr\u00f3pria perna. A cena foi gravada pela c\u00e2mera de seguran\u00e7a da loja, no bairro Jaqueline, regi\u00e3o norte da cidade. O criminoso foi detido pela Pol\u00edcia Militar.\n<\/p>\n<p>ASSISTA:<\/p>\n<p>Fonte: Globo News              <\/p>\n<\/div>\n<p><br \/>\n<br \/><a href=\"https:\/\/diariodobrasilnoticias.com.br\/noticia\/homem-atira-acidentalmente-na-propria-perna-enquanto-assaltava-loja-veja-video-67ae1f18a710c\">Source link <\/a><\/p>","protected":false},"excerpt":{"rendered":"<p>Um homem que estava assaltando uma loja de roupas em Belo Horizonte deu um tiro acidental na pr\u00f3pria perna. A cena foi gravada pela c\u00e2mera de seguran\u00e7a da loja, no&hellip;<\/p>","protected":false},"author":1,"featured_media":102483,"comment_status":"closed","ping_status":"open","sticky":false,"template":"","format":"standard","meta":{"content-type":"","footnotes":""},"categories":[16],"tags":[123,2448,5313,1267],"class_list":["post-102482","post","type-post","status-publish","format-standard","has-post-thumbnail","hentry","category-noticias","tag-brasil","tag-diario","tag-noticia","tag-noticias"],"_links":{"self":[{"href":"https:\/\/tvbrazilusa.com\/pt\/wp-json\/wp\/v2\/posts\/102482","targetHints":{"allow":["GET"]}}],"collection":[{"href":"https:\/\/tvbrazilusa.com\/pt\/wp-json\/wp\/v2\/posts"}],"about":[{"href":"https:\/\/tvbrazilusa.com\/pt\/wp-json\/wp\/v2\/types\/post"}],"author":[{"embeddable":true,"href":"https:\/\/tvbrazilusa.com\/pt\/wp-json\/wp\/v2\/users\/1"}],"replies":[{"embeddable":true,"href":"https:\/\/tvbrazilusa.com\/pt\/wp-json\/wp\/v2\/comments?post=102482"}],"version-history":[{"count":1,"href":"https:\/\/tvbrazilusa.com\/pt\/wp-json\/wp\/v2\/posts\/102482\/revisions"}],"predecessor-version":[{"id":102484,"href":"https:\/\/tvbrazilusa.com\/pt\/wp-json\/wp\/v2\/posts\/102482\/revisions\/102484"}],"wp:featuredmedia":[{"embeddable":true,"href":"https:\/\/tvbrazilusa.com\/pt\/wp-json\/wp\/v2\/media\/102483"}],"wp:attachment":[{"href":"https:\/\/tvbrazilusa.com\/pt\/wp-json\/wp\/v2\/media?parent=102482"}],"wp:term":[{"taxonomy":"category","embeddable":true,"href":"https:\/\/tvbrazilusa.com\/pt\/wp-json\/wp\/v2\/categories?post=102482"},{"taxonomy":"post_tag","embeddable":true,"href":"https:\/\/tvbrazilusa.com\/pt\/wp-json\/wp\/v2\/tags?post=102482"}],"curies":[{"name":"wp","href":"https:\/\/api.w.org\/{rel}","templated":true}]}}