{"id":102487,"date":"2025-02-13T18:35:29","date_gmt":"2025-02-13T18:35:29","guid":{"rendered":"https:\/\/tvbrazilusa.com\/2025\/02\/13\/onibus-e-metro-serao-gratuitos-aos-domingos-e-feriados-por-determinacao-de-ibaneis\/"},"modified":"2025-02-13T18:35:31","modified_gmt":"2025-02-13T18:35:31","slug":"onibus-e-metro-serao-gratuitos-aos-domingos-e-feriados-por-determinacao-de-ibaneis","status":"publish","type":"post","link":"https:\/\/tvbrazilusa.com\/pt\/2025\/02\/13\/onibus-e-metro-serao-gratuitos-aos-domingos-e-feriados-por-determinacao-de-ibaneis\/","title":{"rendered":"\u00d4nibus e metr\u00f4 ser\u00e3o gratuitos aos domingos e feriados por determina\u00e7\u00e3o de Ibaneis."},"content":{"rendered":"<p> <script async src=\"https:\/\/pagead2.googlesyndication.com\/pagead\/js\/adsbygoogle.js?client=ca-pub-8864793242727901\"\r\n     crossorigin=\"anonymous\"><\/script><br \/>\n<\/p>\n<div>\n<figure class=\"post-image\">\n<\/figure>\n<p>            <span style=\"font-size: 12px\">FOTO: BRENO ESAKI\/METR\u00d3POLES @BrenoEsakiFoto<\/span><\/p>\n<p>            <!-- end metas --><br \/>\n            <!-- ADS --><\/p>\n<div id=\"taboola-read-more\" style=\"display:block; width:100%\">\n<p>O governador do Distrito Federal, Ibaneis Rocha (MDB), determinou que, a partir do dia 1\u00ba de mar\u00e7o, os passageiros do transporte p\u00fablico da capital do pa\u00eds n\u00e3o v\u00e3o mais pagar passagens para ir e vir aos domingos e feriados. A decis\u00e3o se aplica tanto aos \u00f4nibus quanto ao metr\u00f4.\n<\/p>\n<p>A medida \u00e9 uma esp\u00e9cie de teste que o governo pretende fazer para medir os efeitos da \u201ctarifa zero\u201d e checar se a iniciativa pode se estender para todos os dias da semana.<\/p>\n<p>\u201cNeste primeiro momento, nosso objetivo principal \u00e9 incentivar o com\u00e9rcio e o lazer no Distrito Federal. Mas tamb\u00e9m queremos testar como ser\u00e1 a implementa\u00e7\u00e3o da medida para checarmos se \u00e9 poss\u00edvel estabelecer a tarifa zero todos os dias da semana\u201d, disse Ibaneis Rocha, com exclusividade ao Metr\u00f3poles.\n<\/p>\n<p>Os t\u00e9cnicos do Executivo local ainda se dedicam a medir com exatid\u00e3o o impacto financeiro da medida. Segundo Ibaneis, o subs\u00eddio do governo para isentar o cidad\u00e3o de pagar as passagens aos domingos e feriados ser\u00e1 de aproximadamente R$ 30 milh\u00f5es.\n<\/p>\n<p>Fonte: Metr\u00f3poles              <\/p>\n<\/div>\n<p>                        <!-- Scripts para conteudo --><\/p>\n<p>            <!-- .\/Scripts para conteudo --><br \/>\n            <!-- .\/Mat\u00e9ria --><\/p>\n<div class=\"row mt-3\">\n<div class=\"col-sm-6\">\n                <!-- Whatsapp channel 3--><br \/>\n                <a href=\"https:\/\/chat.whatsapp.com\/B8Qy6Erx4kb6yTzj3kaDco\" target=\"_blank\"><br \/>\n                  <img decoding=\"async\" src=\"https:\/\/diariodobrasilnoticias.com.br\/assets-site\/images\/bot_whatsapp.png\"\/><\/a>\n              <\/div>\n<div class=\"col-sm-6\">\n                <a href=\"https:\/\/t.me\/+_4gTmi5LKo03OTM5\" target=\"_blank\"><br \/>\n                  <img decoding=\"async\" src=\"https:\/\/diariodobrasilnoticias.com.br\/assets-site\/images\/bot_telegram.png\"\/><\/a>\n              <\/div>\n<\/p><\/div>\n<p>            <!-- end post-navigation --><\/p>\n<p>              <!-- end row --><\/p>\n<p>              <!-- end col-12-->\n                      <\/div>\n<p><br \/>\n<br \/><a href=\"https:\/\/diariodobrasilnoticias.com.br\/noticia\/onibus-e-metro-serao-gratuitos-aos-domingos-e-feriados-por-determinacao-de-ibaneis-67ae1732b8e8a\">Source link <\/a><\/p>","protected":false},"excerpt":{"rendered":"<p>FOTO: BRENO ESAKI\/METR\u00d3POLES @BrenoEsakiFoto O governador do Distrito Federal, Ibaneis Rocha (MDB), determinou que, a partir do dia 1\u00ba de mar\u00e7o, os passageiros do transporte p\u00fablico da capital do pa\u00eds&hellip;<\/p>","protected":false},"author":1,"featured_media":102488,"comment_status":"closed","ping_status":"open","sticky":false,"template":"","format":"standard","meta":{"content-type":"","footnotes":""},"categories":[16],"tags":[123,2448,5313,1267],"class_list":["post-102487","post","type-post","status-publish","format-standard","has-post-thumbnail","hentry","category-noticias","tag-brasil","tag-diario","tag-noticia","tag-noticias"],"_links":{"self":[{"href":"https:\/\/tvbrazilusa.com\/pt\/wp-json\/wp\/v2\/posts\/102487","targetHints":{"allow":["GET"]}}],"collection":[{"href":"https:\/\/tvbrazilusa.com\/pt\/wp-json\/wp\/v2\/posts"}],"about":[{"href":"https:\/\/tvbrazilusa.com\/pt\/wp-json\/wp\/v2\/types\/post"}],"author":[{"embeddable":true,"href":"https:\/\/tvbrazilusa.com\/pt\/wp-json\/wp\/v2\/users\/1"}],"replies":[{"embeddable":true,"href":"https:\/\/tvbrazilusa.com\/pt\/wp-json\/wp\/v2\/comments?post=102487"}],"version-history":[{"count":1,"href":"https:\/\/tvbrazilusa.com\/pt\/wp-json\/wp\/v2\/posts\/102487\/revisions"}],"predecessor-version":[{"id":102489,"href":"https:\/\/tvbrazilusa.com\/pt\/wp-json\/wp\/v2\/posts\/102487\/revisions\/102489"}],"wp:featuredmedia":[{"embeddable":true,"href":"https:\/\/tvbrazilusa.com\/pt\/wp-json\/wp\/v2\/media\/102488"}],"wp:attachment":[{"href":"https:\/\/tvbrazilusa.com\/pt\/wp-json\/wp\/v2\/media?parent=102487"}],"wp:term":[{"taxonomy":"category","embeddable":true,"href":"https:\/\/tvbrazilusa.com\/pt\/wp-json\/wp\/v2\/categories?post=102487"},{"taxonomy":"post_tag","embeddable":true,"href":"https:\/\/tvbrazilusa.com\/pt\/wp-json\/wp\/v2\/tags?post=102487"}],"curies":[{"name":"wp","href":"https:\/\/api.w.org\/{rel}","templated":true}]}}