{"id":102490,"date":"2025-02-13T18:40:03","date_gmt":"2025-02-13T18:40:03","guid":{"rendered":"https:\/\/tvbrazilusa.com\/2025\/02\/13\/connecticut-sound-lamont-brinca-sobre-renomear-o-som-de-long-island\/"},"modified":"2025-02-13T18:41:35","modified_gmt":"2025-02-13T18:41:35","slug":"connecticut-sound-lamont-brinca-sobre-renomear-o-som-de-long-island","status":"publish","type":"post","link":"https:\/\/tvbrazilusa.com\/pt\/2025\/02\/13\/connecticut-sound-lamont-brinca-sobre-renomear-o-som-de-long-island\/","title":{"rendered":"&#8216;Connecticut Sound&#8217; Lamont brinca sobre renomear o som de Long Island"},"content":{"rendered":"<script async src=\"https:\/\/pagead2.googlesyndication.com\/pagead\/js\/adsbygoogle.js?client=ca-pub-8864793242727901\"\r\n     crossorigin=\"anonymous\"><\/script>\n<p>Connecticut (WTNH) &#8211; Em meio a &#8220;Golfo da Am\u00e9rica&#8221;, o governador Ned Lamont levou a X para sugerir brincando renomear o som de Long Island ao &#8220;Som Connecticut&#8221;.  <\/p>\n<p><a href=\"https:\/\/x.com\/GovNedLamont\/status\/1890061095878136117\" data-type=\"link\" data-id=\"https:\/\/x.com\/GovNedLamont\/status\/1890061095878136117\" target=\"_blank\" rel=\"noreferrer noopener\">Postagem de Lamont<\/a> escreveu: &#8220;Enquanto os mapas est\u00e3o mudando, aqui est\u00e1 uma ideia&#8221; e mencionou a governadora de Nova York, Kathy Hochul. <\/p>\n<p>A postagem apresentava uma imagem de mapa do som de Long Island cruzado com a palavra &#8220;Connecticut Sound&#8221;, substituindo -a. <\/p>\n<div class=\"nlp-ignore-block article-content rich-text\">\n<aside class=\"promo-link\">\n\t<a href=\"https:\/\/www.wtnh.com\/news\/national\/google-officially-updates-name-of-gulf-of-america\/?ipid=promo-link-block1\" class=\"promo-link__link\"><\/p>\n<p>\t\tO Google atualiza oficialmente o nome de &#8216;Golfo da Am\u00e9rica&#8217;\t<\/a><br \/>\n<\/aside>\n<\/div>\n<p>O governador de Vermont, Phil Scott, respondeu, &#8220;<a href=\"https:\/\/x.com\/GovPhilScott\/status\/1890072040327303513\" data-type=\"link\" data-id=\"https:\/\/x.com\/GovPhilScott\/status\/1890072040327303513\" target=\"_blank\" rel=\"noreferrer noopener\">Aqui est\u00e1 outra ideia<\/a>&#8220;E, brincando, prop\u00f4s renomear o&#8221; Rio Connecticut &#8220;ao&#8221; Riont River &#8220;, enquanto mencionava Lamont e Hochul. A foto que ele incluiu apresentava o rio Connecticut cruzado com&#8221; Vermont River &#8220;legendado sobre ele. <\/p>\n<p>Isso ocorre ap\u00f3s a diretiva do presidente Trump em seu primeiro dia de cargo para renomear o Golfo do M\u00e9xico para incluir o nome da Am\u00e9rica. <\/p>\n<p>Logo depois, o Google atualizou o nome e o sistema de informa\u00e7\u00f5es sobre nomes geogr\u00e1ficos dos EUA. <\/p>\n<\/p>\n<p><br \/>\n<br \/><a href=\"https:\/\/www.wtnh.com\/news\/connecticut\/connecticut-sound-lamont-jokes-about-renaming-the-long-island-sound\/\">Source link <\/a><\/p>","protected":false},"excerpt":{"rendered":"<p>Connecticut (WTNH) &#8211; Em meio a &#8220;Golfo da Am\u00e9rica&#8221;, o governador Ned Lamont levou a X para sugerir brincando renomear o som de Long Island ao &#8220;Som Connecticut&#8221;. Postagem de&hellip;<\/p>","protected":false},"author":1,"featured_media":102491,"comment_status":"closed","ping_status":"open","sticky":false,"template":"","format":"standard","meta":{"content-type":"","footnotes":""},"categories":[1],"tags":[],"class_list":["post-102490","post","type-post","status-publish","format-standard","has-post-thumbnail","hentry","category-uncategorized"],"_links":{"self":[{"href":"https:\/\/tvbrazilusa.com\/pt\/wp-json\/wp\/v2\/posts\/102490","targetHints":{"allow":["GET"]}}],"collection":[{"href":"https:\/\/tvbrazilusa.com\/pt\/wp-json\/wp\/v2\/posts"}],"about":[{"href":"https:\/\/tvbrazilusa.com\/pt\/wp-json\/wp\/v2\/types\/post"}],"author":[{"embeddable":true,"href":"https:\/\/tvbrazilusa.com\/pt\/wp-json\/wp\/v2\/users\/1"}],"replies":[{"embeddable":true,"href":"https:\/\/tvbrazilusa.com\/pt\/wp-json\/wp\/v2\/comments?post=102490"}],"version-history":[{"count":1,"href":"https:\/\/tvbrazilusa.com\/pt\/wp-json\/wp\/v2\/posts\/102490\/revisions"}],"predecessor-version":[{"id":102492,"href":"https:\/\/tvbrazilusa.com\/pt\/wp-json\/wp\/v2\/posts\/102490\/revisions\/102492"}],"wp:featuredmedia":[{"embeddable":true,"href":"https:\/\/tvbrazilusa.com\/pt\/wp-json\/wp\/v2\/media\/102491"}],"wp:attachment":[{"href":"https:\/\/tvbrazilusa.com\/pt\/wp-json\/wp\/v2\/media?parent=102490"}],"wp:term":[{"taxonomy":"category","embeddable":true,"href":"https:\/\/tvbrazilusa.com\/pt\/wp-json\/wp\/v2\/categories?post=102490"},{"taxonomy":"post_tag","embeddable":true,"href":"https:\/\/tvbrazilusa.com\/pt\/wp-json\/wp\/v2\/tags?post=102490"}],"curies":[{"name":"wp","href":"https:\/\/api.w.org\/{rel}","templated":true}]}}