{"id":102495,"date":"2025-02-13T18:46:36","date_gmt":"2025-02-13T18:46:36","guid":{"rendered":"https:\/\/tvbrazilusa.com\/2025\/02\/13\/eua-robert-kennedy-jr-e-confirmado-pelo-senado-como-secretario-de-saude\/"},"modified":"2025-02-13T18:46:37","modified_gmt":"2025-02-13T18:46:37","slug":"eua-robert-kennedy-jr-e-confirmado-pelo-senado-como-secretario-de-saude","status":"publish","type":"post","link":"https:\/\/tvbrazilusa.com\/pt\/2025\/02\/13\/eua-robert-kennedy-jr-e-confirmado-pelo-senado-como-secretario-de-saude\/","title":{"rendered":"EUA: Robert Kennedy Jr. \u00e9 confirmado pelo Senado como secret\u00e1rio de sa\u00fade"},"content":{"rendered":"<p> <script async src=\"https:\/\/pagead2.googlesyndication.com\/pagead\/js\/adsbygoogle.js?client=ca-pub-8864793242727901\"\r\n     crossorigin=\"anonymous\"><\/script><br \/>\n<\/p>\n<div id=\"taboola-read-more\" style=\"display:block; width:100%\">\n<p>O senado americano confirmou o advogado ambientalista Robert F. Kennedy Jr. como secret\u00e1rio de S\u00e1ude e Servi\u00e7os Humanos dos Estados Unidos nesta quinta-feira, 13,\n<\/p>\n<p>Do total, 52 senadores votaram pela confirma\u00e7\u00e3o de RFK e 48 foram contr\u00e1rios.<\/p>\n<p>O \u00fanico congressista republicano a rejeitar a indica\u00e7\u00e3o de Kennedy foi Mitch McConnel, do estado de Kentucky.\n<\/p>\n<p>Pol\u00eamicas<br \/>Na \u00e9poca da pandemia, Kennedy Jr ficou mais conhecido em fun\u00e7\u00e3o de seus questionamentos aos processos de fabrica\u00e7\u00e3o e desenvolvimento das vacinas.\n<\/p>\n<p>Na v\u00e9spera da elei\u00e7\u00e3o, o at\u00e9 ent\u00e3o indicado \u00e0 secretaria de Sa\u00fade prometeu demitir funcion\u00e1rios da FDA (Food And Drug Administration) que \u201csuprimiam\u201d itens como \u201cleite cru, terapias hiperb\u00e1ricas, invermectina, luz solar, exerc\u00edcios e qualquer outra coisa que n\u00e3o possa ser patenteada pela Pharma\u201d:\n<\/p>\n<p>\u201cSe voc\u00ea trabalha para a FDA e faz parte desse sistema corrupto, tenho duas mensagens para voc\u00ea: 1. Preserve seus registros e 2. Fa\u00e7a as malas\u201d, escreveu.\n<\/p>\n<p>Desist\u00eancia de candidatura<br \/>Sem o apoio da fam\u00edlia, Kennedy Jr. se lan\u00e7ou candidato independente \u00e0 Casa Branca com o lema \u201cMake America Healthy Again\u201d (Fa\u00e7a a Am\u00e9rica saud\u00e1vel de novo, fazendo alus\u00e3o ao famoso mote de campanha \u201cMake America Great Again\u201d (Fa\u00e7a a Am\u00e9rica grande de novo) que levou Trump \u00e0 vit\u00f3ria, mas decidiu apoiar o republicano:\n<\/p>\n<p>\u201cSe voc\u00ea quer me ver em Washington DC [capital dos Estados Unidos], vote em Donald Trump\u201c, escreveu Kennedy Jr.\n<\/p>\n<p>No discurso de vit\u00f3ria, Trump lembrou do apoio de Kennedy Jr. nas \u201cquest\u00f5es de sa\u00fade\u201d.\n<\/p>\n<p>Fonte: O Antagonista              <\/p>\n<\/div>\n<p><br \/>\n<br \/><a href=\"https:\/\/diariodobrasilnoticias.com.br\/noticia\/eua-robert-kennedy-jr-e-confirmado-pelo-senado-como-secretario-de-saude-67ae38f0d6234\">Source link <\/a><\/p>","protected":false},"excerpt":{"rendered":"<p>O senado americano confirmou o advogado ambientalista Robert F. Kennedy Jr. como secret\u00e1rio de S\u00e1ude e Servi\u00e7os Humanos dos Estados Unidos nesta quinta-feira, 13, Do total, 52 senadores votaram pela&hellip;<\/p>","protected":false},"author":1,"featured_media":102496,"comment_status":"closed","ping_status":"open","sticky":false,"template":"","format":"standard","meta":{"content-type":"","footnotes":""},"categories":[16],"tags":[123,2448,5313,1267],"class_list":["post-102495","post","type-post","status-publish","format-standard","has-post-thumbnail","hentry","category-noticias","tag-brasil","tag-diario","tag-noticia","tag-noticias"],"_links":{"self":[{"href":"https:\/\/tvbrazilusa.com\/pt\/wp-json\/wp\/v2\/posts\/102495","targetHints":{"allow":["GET"]}}],"collection":[{"href":"https:\/\/tvbrazilusa.com\/pt\/wp-json\/wp\/v2\/posts"}],"about":[{"href":"https:\/\/tvbrazilusa.com\/pt\/wp-json\/wp\/v2\/types\/post"}],"author":[{"embeddable":true,"href":"https:\/\/tvbrazilusa.com\/pt\/wp-json\/wp\/v2\/users\/1"}],"replies":[{"embeddable":true,"href":"https:\/\/tvbrazilusa.com\/pt\/wp-json\/wp\/v2\/comments?post=102495"}],"version-history":[{"count":1,"href":"https:\/\/tvbrazilusa.com\/pt\/wp-json\/wp\/v2\/posts\/102495\/revisions"}],"predecessor-version":[{"id":102497,"href":"https:\/\/tvbrazilusa.com\/pt\/wp-json\/wp\/v2\/posts\/102495\/revisions\/102497"}],"wp:featuredmedia":[{"embeddable":true,"href":"https:\/\/tvbrazilusa.com\/pt\/wp-json\/wp\/v2\/media\/102496"}],"wp:attachment":[{"href":"https:\/\/tvbrazilusa.com\/pt\/wp-json\/wp\/v2\/media?parent=102495"}],"wp:term":[{"taxonomy":"category","embeddable":true,"href":"https:\/\/tvbrazilusa.com\/pt\/wp-json\/wp\/v2\/categories?post=102495"},{"taxonomy":"post_tag","embeddable":true,"href":"https:\/\/tvbrazilusa.com\/pt\/wp-json\/wp\/v2\/tags?post=102495"}],"curies":[{"name":"wp","href":"https:\/\/api.w.org\/{rel}","templated":true}]}}