{"id":10254,"date":"2024-07-28T00:11:54","date_gmt":"2024-07-28T00:11:54","guid":{"rendered":"https:\/\/tvbrazilusa.com\/2024\/07\/28\/fazendas-de-tamareiras-da-california-nao-so-colhem-frutos-mas-tambem-uma-licenca-para-sediar-casamentos-e-festas-de-quinze-anos\/"},"modified":"2024-07-28T00:26:19","modified_gmt":"2024-07-28T00:26:19","slug":"fazendas-de-tamareiras-da-california-nao-so-colhem-frutos-mas-tambem-uma-licenca-para-sediar-casamentos-e-festas-de-quinze-anos","status":"publish","type":"post","link":"https:\/\/tvbrazilusa.com\/pt\/2024\/07\/28\/fazendas-de-tamareiras-da-california-nao-so-colhem-frutos-mas-tambem-uma-licenca-para-sediar-casamentos-e-festas-de-quinze-anos\/","title":{"rendered":"Fazendas de tamareiras da Calif\u00f3rnia n\u00e3o s\u00f3 colhem frutos, mas tamb\u00e9m uma licen\u00e7a para sediar casamentos e festas de quinze anos"},"content":{"rendered":"<script async src=\"https:\/\/pagead2.googlesyndication.com\/pagead\/js\/adsbygoogle.js?client=ca-pub-8864793242727901\"\r\n     crossorigin=\"anonymous\"><\/script>\n<div id=\"\">\n<p class=\"dist__Box-sc-1fnzlkn-0 dist__TextBase-sc-1fnzlkn-3 CGHCP htMUPQ article-text\"><strong>COACHELLA, Calif\u00f3rnia.<\/strong> \u2013 Claudia Lua Alvarado apostou seu futuro nas fileiras de imponentes tamareiras atr\u00e1s da casa onde mora com o marido e os dois filhos em uma comunidade des\u00e9rtica a leste de Los Angeles.<\/p>\n<p class=\"dist__Box-sc-1fnzlkn-0 dist__TextBase-sc-1fnzlkn-3 CGHCP htMUPQ article-text\">N\u00e3o \u00e9 somente devido \u00e0 fruta carnuda e doce que eles d\u00e3o a cada ano. Sua ampla sombra e o cen\u00e1rio c\u00eanico que eles formam atraem dezenas de fam\u00edlias que buscam um espa\u00e7o para eventos para sediar celebra\u00e7\u00f5es que v\u00e3o de casamentos a quincea\u00f1eras, eventos tradicionais de maioridade para os 15 anos de meninas que s\u00e3o observados nas culturas latino-americanas.<\/p>\n<p class=\"dist__Box-sc-1fnzlkn-0 dist__TextBase-sc-1fnzlkn-3 CGHCP htMUPQ article-text\">Lua Alvarado \u00e9 uma das dezenas de propriet\u00e1rios de pequenas fazendas que produzem t\u00e2maras e tamb\u00e9m funcionam como locais de eventos para atender \u00e0 comunidade predominantemente latina do Vale Coachella. <\/p>\n<p class=\"dist__Box-sc-1fnzlkn-0 dist__TextBase-sc-1fnzlkn-3 CGHCP htMUPQ article-text\">\u201c\u00c9 isso que vende nossa propriedade\u201d, disse Lua Alvarado, uma estilista de 42 anos que comprou o lote de 8 acres (3,2 hectares) h\u00e1 sete anos. \u201cParece que estamos no Hava\u00ed ou em algum outro lugar tropical.\u201d<\/p>\n<p class=\"dist__Box-sc-1fnzlkn-0 dist__TextBase-sc-1fnzlkn-3 CGHCP htMUPQ article-text\">Embora a regi\u00e3o seja conhecida pelo calor escaldante e pelo Festival de M\u00fasica e Artes de Coachella Valley, que atrai milhares de pessoas todos os anos, ela tamb\u00e9m \u00e9 respons\u00e1vel por mais de 80% das t\u00e2maras do pa\u00eds, gra\u00e7as ao clima \u00e1rido e \u00e0 abund\u00e2ncia de \u00e1gua subterr\u00e2nea, de acordo com a Comiss\u00e3o de T\u00e2maras da Calif\u00f3rnia.<\/p>\n<p class=\"dist__Box-sc-1fnzlkn-0 dist__TextBase-sc-1fnzlkn-3 CGHCP htMUPQ article-text\">A maioria das t\u00e2maras \u00e9 cultivada por produtores de larga escala que tamb\u00e9m embalam e enviam as frutas. Lua Alvarado e outros pequenos produtores colhem t\u00e2maras de suas terras e as vendem para grandes produtores, mas isso n\u00e3o \u00e9 o suficiente para cobrir as despesas. <\/p>\n<p class=\"dist__Box-sc-1fnzlkn-0 dist__TextBase-sc-1fnzlkn-3 CGHCP htMUPQ article-text\">Muitos t\u00eam outros empregos, desde paisagismo at\u00e9 treinamento de cavalos, e administram fazendas, ou ranchos, como s\u00e3o conhecidos em espanhol, como locais de eventos que oferecem grandes espa\u00e7os ao ar livre para reuni\u00f5es familiares a um pre\u00e7o mais acess\u00edvel do que os hot\u00e9is luxuosos nas \u00e1reas de resorts ao redor de Palm Springs. <\/p>\n<p class=\"dist__Box-sc-1fnzlkn-0 dist__TextBase-sc-1fnzlkn-3 CGHCP htMUPQ article-text\">Os ranchos existem h\u00e1 d\u00e9cadas no Vale Coachella e t\u00eam crescido em n\u00famero junto com a popula\u00e7\u00e3o da regi\u00e3o e o desejo de muitos na comunidade latina e outros de sediar mais eventos ao ar livre, especialmente desde a pandemia do coronav\u00edrus. <\/p>\n<p class=\"dist__Box-sc-1fnzlkn-0 dist__TextBase-sc-1fnzlkn-3 CGHCP htMUPQ article-text\">Mas as festas de fim de semana come\u00e7aram a gerar reclama\u00e7\u00f5es de alguns vizinhos que buscavam a tranquilidade rural, o que levou as autoridades locais a multar os locais por barulho e viola\u00e7\u00f5es de c\u00f3digo. <\/p>\n<p class=\"dist__Box-sc-1fnzlkn-0 dist__TextBase-sc-1fnzlkn-3 CGHCP htMUPQ article-text\">Multas crescentes levaram os propriet\u00e1rios de ranchos a se organizar e buscar regras especiais que os autorizassem a sediar eventos privados \u2014 assim como outras propriedades fazem para os frequentadores de shows do festival anual de m\u00fasica \u2014 e manter suas tamareiras prosperando. <\/p>\n<p class=\"dist__Box-sc-1fnzlkn-0 dist__TextBase-sc-1fnzlkn-3 CGHCP htMUPQ article-text\">O conselho de supervisores do Condado de Riverside votou em junho por um plano que permitiria que ranchos de pelo menos 4,5 acres (1,8 hectares) permanecessem 40% dedicados \u00e0 agricultura e 20% at\u00e9 o momento para faz\u00ea-lo, e incluiria disposi\u00e7\u00f5es para estacionamento e seguran\u00e7a.<\/p>\n<p class=\"dist__Box-sc-1fnzlkn-0 dist__TextBase-sc-1fnzlkn-3 CGHCP htMUPQ article-text\">V. Manuel Perez, um supervisor do condado, comparou o plano aos esfor\u00e7os para desenvolver a regi\u00e3o vin\u00edcola em uma comunidade pr\u00f3xima conhecida por videiras e passeios de bal\u00e3o de ar quente. Ele disse que \u00e9 vital em uma regi\u00e3o que abriga trabalhadores rurais latinos e seus filhos que querem celebrar marcos familiares e sua cultura com um or\u00e7amento limitado. <\/p>\n<p class=\"dist__Box-sc-1fnzlkn-0 dist__TextBase-sc-1fnzlkn-3 CGHCP htMUPQ article-text\">Cerca de 70% da popula\u00e7\u00e3o da \u00e1rea \u00e9 latina e a renda familiar m\u00e9dia era de US$ 65.000 por ano em 2022, cerca de US$ 20.000 a menos do que no condado como um todo, mostram dados do US Census Bureau.<\/p>\n<p class=\"dist__Box-sc-1fnzlkn-0 dist__TextBase-sc-1fnzlkn-3 CGHCP htMUPQ article-text\">\u201cEm 10 anos, o Coachella Valley ser\u00e1 visto como o pa\u00eds dos encontros\u201d, disse Perez, que se lembra de ir a festas em ranchos quando crian\u00e7a. \u201cSentimos que essa seria uma maneira \u00fanica de garantir o sucesso e a continuidade \u2014 a expans\u00e3o adicional, se preferir \u2014 de ter algo acess\u00edvel, um espa\u00e7o para eventos que seja acess\u00edvel, que seja acess\u00edvel para as pessoas.\u201d<\/p>\n<p class=\"dist__Box-sc-1fnzlkn-0 dist__TextBase-sc-1fnzlkn-3 CGHCP htMUPQ article-text\">As t\u00e2maras s\u00e3o cultivadas no Vale Coachella h\u00e1 mais de um s\u00e9culo, desde que brotos foram trazidos do Oriente M\u00e9dio para ver se cresceriam no deserto do sul da Calif\u00f3rnia devido \u00e0s similaridades no clima. O vale \u00e9 a principal regi\u00e3o de cultivo de t\u00e2maras do pa\u00eds, e no ano passado o Condado de Riverside tinha quase 10.000 acres (4.046 hectares) de tamareiras que produziram mais de 38.000 toneladas (34.473 toneladas m\u00e9tricas) da fruta, de acordo com o escrit\u00f3rio do comiss\u00e1rio agr\u00edcola do pa\u00eds.<\/p>\n<p class=\"dist__Box-sc-1fnzlkn-0 dist__TextBase-sc-1fnzlkn-3 CGHCP htMUPQ article-text\">Mark Tadros, que organiza eventos educacionais e cultiva t\u00e2maras na Aziz Farms, disse que os ranchos n\u00e3o s\u00e3o os maiores produtores, mas quando voc\u00ea calcula a fruta que eles vendem para as casas de embalagem, isso faz a diferen\u00e7a. Ele planeja solicitar a nova licen\u00e7a para sua fazenda de 10 acres (4 hectares) e espera que exigir que os propriet\u00e1rios de terras dediquem uma parte definida de suas propriedades \u00e0s \u00e1rvores incentive aqueles que podem n\u00e3o ter tamareiras suficientes a plantar mais delas. <\/p>\n<p class=\"dist__Box-sc-1fnzlkn-0 dist__TextBase-sc-1fnzlkn-3 CGHCP htMUPQ article-text\">\u201cAcredito que quanto mais pessoas tiverem interesse neste setor e neste jogo, melhor ser\u00e1 para n\u00f3s\u201d, disse Tadros, acrescentando que viu muitos produtores de t\u00e2maras sa\u00edrem do neg\u00f3cio. <\/p>\n<p class=\"dist__Box-sc-1fnzlkn-0 dist__TextBase-sc-1fnzlkn-3 CGHCP htMUPQ article-text\">Carlos Ulloa passou a apreciar tamareiras depois de comprar terras h\u00e1 sete anos em Thousand Palms. Sua vis\u00e3o era criar um lugar onde pudesse manter seus cavalos e ter um rancho de trabalho com cordeiros e pav\u00f5es, enquanto hospedava eventos onde as fam\u00edlias pudessem ter amplo espa\u00e7o para convidar seus parentes para uma celebra\u00e7\u00e3o sem ir \u00e0 fal\u00eancia.<\/p>\n<p class=\"dist__Box-sc-1fnzlkn-0 dist__TextBase-sc-1fnzlkn-3 CGHCP htMUPQ article-text\">As t\u00e2maras n\u00e3o entraram na equa\u00e7\u00e3o, ent\u00e3o Ulloa fez com que o antigo propriet\u00e1rio \u2014 um produtor de t\u00e2maras \u2014 pegasse a maioria de suas 500 palmeiras e deixasse apenas cerca de 150 para tr\u00e1s. Ulloa descobriu mais tarde que cada \u00e1rvore era vendida por at\u00e9 US$ 1.000. Ele gostava tanto da sombra delas que agora est\u00e1 pegando brotos para cultivar mais palmeiras e repovoar seu rancho com elas, algo que ele est\u00e1 especialmente ansioso para fazer, j\u00e1 que apenas propriedades de t\u00e2maras se qualificar\u00e3o para a nova licen\u00e7a.<\/p>\n<p class=\"dist__Box-sc-1fnzlkn-0 dist__TextBase-sc-1fnzlkn-3 CGHCP htMUPQ article-text\">Ulloa, que trabalhou anteriormente como coordenador de eventos em hot\u00e9is, disse que os ranchos preenchem um nicho ao permitir que as fam\u00edlias paguem alguns milhares de d\u00f3lares por um evento e tragam sua pr\u00f3pria comida ou fa\u00e7am decora\u00e7\u00f5es para cortar custos, e eles fazem isso lindamente.<\/p>\n<p class=\"dist__Box-sc-1fnzlkn-0 dist__TextBase-sc-1fnzlkn-3 CGHCP htMUPQ article-text\">\u201cEstamos oferecendo a oportunidade para pessoas que n\u00e3o s\u00e3o t\u00e3o ricas de, voc\u00ea sabe, fazerem suas celebra\u00e7\u00f5es, e n\u00e3o apenas as nossas celebra\u00e7\u00f5es, mas seguirem nossas tradi\u00e7\u00f5es, porque uma quincea\u00f1era \u2014 \u00e9 mais latina do que nenhuma outra&#8221;, disse ele. <\/p>\n<p class=\"dist__Box-sc-1fnzlkn-0 dist__TextBase-sc-1fnzlkn-3 CGHCP htMUPQ article-text\">___<\/p>\n<p class=\"dist__Box-sc-1fnzlkn-0 dist__TextBase-sc-1fnzlkn-3 CGHCP htMUPQ article-text\">Esta hist\u00f3ria foi atualizada para corrigir que Alvarado tem 42 anos, n\u00e3o 49. <\/p>\n<\/div>\n<p>Copyright 2024 The Associated Press. Todos os direitos reservados. Este material n\u00e3o pode ser publicado, transmitido, reescrito ou redistribu\u00eddo sem permiss\u00e3o.<\/p>\n<p><br \/>\n<br \/><a href=\"https:\/\/www.clickorlando.com\/business\/2024\/07\/27\/california-date-palm-ranches-reap-not-only-fruit-but-a-permit-to-host-weddings-and-quinceaneras\/\">Source link <\/a><\/p>","protected":false},"excerpt":{"rendered":"<p>COACHELLA, Calif\u00f3rnia. \u2013 Claudia Lua Alvarado apostou seu futuro nas fileiras de imponentes tamareiras atr\u00e1s da casa onde mora com o marido e os dois filhos em uma comunidade des\u00e9rtica&hellip;<\/p>","protected":false},"author":1,"featured_media":10255,"comment_status":"closed","ping_status":"open","sticky":false,"template":"","format":"standard","meta":{"content-type":"","footnotes":""},"categories":[1],"tags":[1094,1662,1409,1223,1411],"class_list":["post-10254","post","type-post","status-publish","format-standard","has-post-thumbnail","hentry","category-uncategorized","tag-corrida","tag-estilo-de-vida","tag-etnia","tag-negocios","tag-noticias-dos-eua"],"_links":{"self":[{"href":"https:\/\/tvbrazilusa.com\/pt\/wp-json\/wp\/v2\/posts\/10254","targetHints":{"allow":["GET"]}}],"collection":[{"href":"https:\/\/tvbrazilusa.com\/pt\/wp-json\/wp\/v2\/posts"}],"about":[{"href":"https:\/\/tvbrazilusa.com\/pt\/wp-json\/wp\/v2\/types\/post"}],"author":[{"embeddable":true,"href":"https:\/\/tvbrazilusa.com\/pt\/wp-json\/wp\/v2\/users\/1"}],"replies":[{"embeddable":true,"href":"https:\/\/tvbrazilusa.com\/pt\/wp-json\/wp\/v2\/comments?post=10254"}],"version-history":[{"count":1,"href":"https:\/\/tvbrazilusa.com\/pt\/wp-json\/wp\/v2\/posts\/10254\/revisions"}],"predecessor-version":[{"id":10256,"href":"https:\/\/tvbrazilusa.com\/pt\/wp-json\/wp\/v2\/posts\/10254\/revisions\/10256"}],"wp:featuredmedia":[{"embeddable":true,"href":"https:\/\/tvbrazilusa.com\/pt\/wp-json\/wp\/v2\/media\/10255"}],"wp:attachment":[{"href":"https:\/\/tvbrazilusa.com\/pt\/wp-json\/wp\/v2\/media?parent=10254"}],"wp:term":[{"taxonomy":"category","embeddable":true,"href":"https:\/\/tvbrazilusa.com\/pt\/wp-json\/wp\/v2\/categories?post=10254"},{"taxonomy":"post_tag","embeddable":true,"href":"https:\/\/tvbrazilusa.com\/pt\/wp-json\/wp\/v2\/tags?post=10254"}],"curies":[{"name":"wp","href":"https:\/\/api.w.org\/{rel}","templated":true}]}}