{"id":102596,"date":"2025-02-13T23:23:26","date_gmt":"2025-02-13T23:23:26","guid":{"rendered":"https:\/\/tvbrazilusa.com\/2025\/02\/13\/fotos-de-natacao-de-meninos-sul-c-final-oakcrest-vs-seneca-quinta-feira-13-de-fevereiro\/"},"modified":"2025-02-13T23:29:41","modified_gmt":"2025-02-13T23:29:41","slug":"fotos-de-natacao-de-meninos-sul-c-final-oakcrest-vs-seneca-quinta-feira-13-de-fevereiro","status":"publish","type":"post","link":"https:\/\/tvbrazilusa.com\/pt\/2025\/02\/13\/fotos-de-natacao-de-meninos-sul-c-final-oakcrest-vs-seneca-quinta-feira-13-de-fevereiro\/","title":{"rendered":"Fotos de nata\u00e7\u00e3o de meninos: Sul C final: Oakcrest vs. Seneca, quinta -feira, 13 de fevereiro"},"content":{"rendered":"<p> <script async src=\"https:\/\/pagead2.googlesyndication.com\/pagead\/js\/adsbygoogle.js?client=ca-pub-8864793242727901\"\r\n     crossorigin=\"anonymous\"><\/script><br \/>\n<br \/><img fetchpriority=\"high\" decoding=\"async\" src=\"https:\/\/www.nj.com\/resizer\/v2\/OLD7VQUDSRDTVLLD6OZUFBNGEI.JPG?width=5185&#038;height=3785&#038;auth=4056ffa3cd287fbed2eb7cf0f2eebee9716f88f2a190f723a8f6063c9216da9d&#038;smart=true\" alt=\"Seneca posa com o trof\u00e9u depois de derrotar Oakcrest na final dos meninos do Grupo C South no Instituto de Tecnologia do Condado de Gloucester em Sewell, quinta -feira, 13 de fevereiro de 2025.\" height=\"1200\" width=\"5185\" \/><img decoding=\"async\" src=\"https:\/\/www.nj.com\/resizer\/v2\/6WZLA5T3TBCPHAB7NF7PODOPHY.JPG?width=8256&#038;height=5504&#038;auth=bf81db00e95cc85873fdc315b9be27af68f032abb1478cdbb538023a544f251c&#038;smart=true\" alt=\"Seneca comemora depois de derrotar Oakcrest na final dos meninos do Grupo C South no Instituto de Tecnologia do Condado de Gloucester em Sewell, quinta -feira, 13 de fevereiro de 2025.\" height=\"1200\" width=\"8256\" \/><img decoding=\"async\" src=\"https:\/\/www.nj.com\/resizer\/v2\/Q25QX5247JBMXJHTCMYISTB3QI.JPG?width=7366&#038;height=5197&#038;auth=c70efebfbe1e22650371ed5b3c0203915239c7354b2dbeeace58250d1d20fed1&#038;smart=true\" alt=\"Seneca comemora depois de derrotar Oakcrest na final dos meninos do Grupo C South no Instituto de Tecnologia do Condado de Gloucester em Sewell, quinta -feira, 13 de fevereiro de 2025.\" height=\"1200\" width=\"7366\" \/><img loading=\"lazy\" decoding=\"async\" src=\"https:\/\/www.nj.com\/resizer\/v2\/23YSAIZZX5DAZP525IHQQJVCHE.JPG?width=7840&#038;height=5353&#038;auth=711e5d3c18f96660d58cf90eb9d304a670e74d9e58a394d6e6cc3554ce0df3bd&#038;smart=true\" alt=\"Seneca posa com o trof\u00e9u depois de derrotar Oakcrest na final dos meninos do Grupo C South no Instituto de Tecnologia do Condado de Gloucester em Sewell, quinta -feira, 13 de fevereiro de 2025.\" height=\"1200\" width=\"7840\" \/><img loading=\"lazy\" decoding=\"async\" src=\"https:\/\/www.nj.com\/resizer\/v2\/7P2U3CC3PVCZLEE43CGZYV263E.JPG?width=3313&#038;height=2157&#038;auth=c2514f21b8c3e023f915eff10da9edd3add0476872272d1d6c7ebdb60eb1950c&#038;smart=true\" alt=\"Thomas Rielly, de Seneca, nada no estilo livre de 200 metros durante a final dos meninos do Grupo C South contra Oakcrest no Instituto de Tecnologia do Condado de Gloucester, em Sewell, quinta-feira, 13 de fevereiro de 2025.\" height=\"1200\" width=\"3313\" \/><img loading=\"lazy\" decoding=\"async\" src=\"https:\/\/www.nj.com\/resizer\/v2\/3QYZFLWJCZB4RFD5ECDPLHGA2Y.JPG?width=3554&#038;height=2049&#038;auth=d530f4ebb5d2c9c4370fc33ee09e35799e1ad4190243e228cf582fcf50e021de&#038;smart=true\" alt=\"Yahsir McNeal, de Oakcrest, nada no estilo livre de 200 metros durante a final dos meninos do Grupo C South contra o Seneca no Instituto de Tecnologia do Condado de Gloucester em Sewell, quinta-feira, 13 de fevereiro de 2025.\" height=\"1200\" width=\"3554\" \/><img loading=\"lazy\" decoding=\"async\" src=\"https:\/\/www.nj.com\/resizer\/v2\/ZUOYCMDG3JAFDFBAX4VP7BPPNE.JPG?width=3851&#038;height=2561&#038;auth=ed7dbda9675c9b6927085480a670ee714c4c44f380dc031da0d258b336fe99fc&#038;smart=true\" alt=\"Hunter Oldfield, de Oakcrest, nada no IM de 200 metros durante a final dos meninos do Grupo C South contra o Seneca no Instituto de Tecnologia do Condado de Gloucester em Sewell, quinta-feira, 13 de fevereiro de 2025.\" height=\"1200\" width=\"3851\" \/><img loading=\"lazy\" decoding=\"async\" src=\"https:\/\/www.nj.com\/resizer\/v2\/TQD6TOL2Q5GHLNUDT7I6SJOXLU.JPG?width=3830&#038;height=2568&#038;auth=062b3e405319cde540cfae5578572483ed1accdc0f84aa42fc96df86c4eaa286&#038;smart=true\" alt=\"Hunter Oldfield, de Oakcrest, nada no IM de 200 metros durante a final dos meninos do Grupo C South contra o Seneca no Instituto de Tecnologia do Condado de Gloucester em Sewell, quinta-feira, 13 de fevereiro de 2025.\" height=\"1200\" width=\"3830\" \/><img loading=\"lazy\" decoding=\"async\" src=\"https:\/\/www.nj.com\/resizer\/v2\/J4XBPJH2XVDZLKJUVUGYO2WAKQ.JPG?width=3882&#038;height=2648&#038;auth=a6afab53da82dd29fd201bdfaa0c3c2a8121b1f3a30197c1da8f81a5530136f6&#038;smart=true\" alt=\"Ethan Harmon, de Seneca, nada no IM de 200 metros durante a final dos meninos do Grupo C South contra Oakcrest no Instituto de Tecnologia do Condado de Gloucester em Sewell, quinta-feira, 13 de fevereiro de 2025.\" height=\"1200\" width=\"3882\" \/><img loading=\"lazy\" decoding=\"async\" src=\"https:\/\/www.nj.com\/resizer\/v2\/3HRNAIHYOJHYRBVQVMTNRAXOR4.JPG?width=4579&#038;height=2986&#038;auth=bd229a91bc4f3880a4d3ca08e7c29f3bbe3004d77c27274caa801f60b91d0c14&#038;smart=true\" alt=\"Ethan Harmon, de Seneca, nada no IM de 200 metros durante a final dos meninos do Grupo C South contra Oakcrest no Instituto de Tecnologia do Condado de Gloucester em Sewell, quinta-feira, 13 de fevereiro de 2025.\" height=\"1200\" width=\"4579\" \/><img loading=\"lazy\" decoding=\"async\" src=\"https:\/\/www.nj.com\/resizer\/v2\/QZRGSJKYJRGMLF3AK4NXTQMKK4.JPG?width=4106&#038;height=2846&#038;auth=cd9603bb5d6075ada6da60c66bbabf1b5595b395c6626a9c488bd3e5e0c4d0cf&#038;smart=true\" alt=\"Ethan Harmon, de Seneca, nada no IM de 200 metros durante a final dos meninos do Grupo C South contra Oakcrest no Instituto de Tecnologia do Condado de Gloucester em Sewell, quinta-feira, 13 de fevereiro de 2025.\" height=\"1200\" width=\"4106\" \/><img loading=\"lazy\" decoding=\"async\" src=\"https:\/\/www.nj.com\/resizer\/v2\/UDLYMA774ZG5DOOHCRV5S5DNBU.JPG?width=4586&#038;height=3003&#038;auth=cd9c530b67532a5c6816fa483e06ace4c64ed8aa27d9b07a36056ebcfe84e042&#038;smart=true\" alt=\"Hunter Oldfield, de Oakcrest, nada no IM de 200 metros durante a final dos meninos do Grupo C South contra o Seneca no Instituto de Tecnologia do Condado de Gloucester em Sewell, quinta-feira, 13 de fevereiro de 2025.\" height=\"1200\" width=\"4586\" \/><img loading=\"lazy\" decoding=\"async\" src=\"https:\/\/www.nj.com\/resizer\/v2\/7KAU3XEGIBGXHFUVY6UIJ4OHPM.JPG?width=3102&#038;height=1937&#038;auth=0a0f55970212f3903e047be5759377d8b42c1dc90b21bb72a969f163c67e003d&#038;smart=true\" alt=\"Noah Furia, de Seneca, nada no estilo livre de 100 metros durante a final dos meninos do Grupo C South contra Oakcrest no Instituto de Tecnologia do Condado de Gloucester em Sewell, quinta-feira, 13 de fevereiro de 2025.\" height=\"1200\" width=\"3102\" \/><img loading=\"lazy\" decoding=\"async\" src=\"https:\/\/www.nj.com\/resizer\/v2\/QTHNMQ47ONDT7CCBHXL7LNKA7A.JPG?width=3664&#038;height=2279&#038;auth=0e4ad4ee09ddeb7c99d6a2893228a5b00be7a91c5c6e53d55b14384d3e9a6ec2&#038;smart=true\" alt=\"Yahsir McNeal, de Oakcrest, nada na borboleta de 100 metros durante a final dos meninos do Grupo C South contra o Seneca no Instituto de Tecnologia do Condado de Gloucester em Sewell, quinta-feira, 13 de fevereiro de 2025.\" height=\"1200\" width=\"3664\" \/><img loading=\"lazy\" decoding=\"async\" src=\"https:\/\/www.nj.com\/resizer\/v2\/EBASHVZKWVBWZIWSNXSIRMPBNU.JPG?width=4323&#038;height=2817&#038;auth=4326fd830db67a72dfb11888429c030146d7667b1706deb9930fa59654c48a1e&#038;smart=true\" alt=\"Sawyer Nodine de Seneca nada na borboleta de 100 metros durante a final dos meninos do Grupo C South contra Oakcrest no Instituto de Tecnologia do Condado de Gloucester, em Sewell, quinta-feira, 13 de fevereiro de 2025.\" height=\"1200\" width=\"4323\" \/><img loading=\"lazy\" decoding=\"async\" src=\"https:\/\/www.nj.com\/resizer\/v2\/ULYZC6WRIBFQZARLQCOACX5GTU.JPG?width=2856&#038;height=1964&#038;auth=673d49eafa9488150dec660d25cdcb7d24e6fd0aa84235ebdd3189c51c19eb89&#038;smart=true\" alt=\"Jonathan DeJesus, de Seneca, nada no golpe de 100 metros durante a final dos meninos do Grupo C South contra Oakcrest no Instituto de Tecnologia do Condado de Gloucester em Sewell, quinta-feira, 13 de fevereiro de 2025.\" height=\"1200\" width=\"2856\" \/><img loading=\"lazy\" decoding=\"async\" src=\"https:\/\/www.nj.com\/resizer\/v2\/ZTRFGXBT45D37BRUSWDADZEO6E.JPG?width=3509&#038;height=2278&#038;auth=f5bc21b8b3cba5c335a98fd9428107cb92cf5fc11fc654ea15c50a213d90f95f&#038;smart=true\" alt=\"Ethan Harmon, de Seneca, nada no AVC de 100 metros durante a final dos meninos do Grupo C South contra Oakcrest no Instituto de Tecnologia do Condado de Gloucester em Sewell, quinta-feira, 13 de fevereiro de 2025.\" height=\"1200\" width=\"3509\" \/><img loading=\"lazy\" decoding=\"async\" src=\"https:\/\/www.nj.com\/resizer\/v2\/PXMSG5WG7VHVJPAOI2UGY5IAZE.JPG?width=3528&#038;height=2444&#038;auth=fefc668c74d488dbf64cb4181860462f0fe5e0f44baa1bb57ea388d1aaa29f43&#038;smart=true\" alt=\"Hunter Oldfield, de Oakcrest, nada no AVC de 100 metros durante a final dos meninos do Grupo C South contra o Seneca no Instituto de Tecnologia do Condado de Gloucester em Sewell, quinta-feira, 13 de fevereiro de 2025.\" height=\"1200\" width=\"3528\" \/><img loading=\"lazy\" decoding=\"async\" src=\"https:\/\/www.nj.com\/resizer\/v2\/GTHYJCZIMRG5ZHKG7RBYETRPAE.JPG?width=3764&#038;height=2515&#038;auth=56234bbc9c780d827b55845456cb82555fb17016e2ac3e2506ebc368d072e885&#038;smart=true\" alt=\"Zachary Gromadzyn, de Oakcrest, nada nas costas de 100 metros durante a final dos meninos do Grupo C South contra o Seneca no Instituto de Tecnologia do Condado de Gloucester em Sewell, quinta-feira, 13 de fevereiro de 2025.\" height=\"1200\" width=\"3764\" \/><\/p>\n<p>Nossas fotos esportivas do HS, como as acima, o colocam de perto com a a\u00e7\u00e3o e toda a experi\u00eancia. Confira -os clicando em qualquer lugar da colagem acima para abrir a galeria de fotos.<\/p>\n<p><br \/>\n<br \/><a href=\"https:\/\/www.nj.com\/highschoolsports\/2025\/02\/boys-swimming-photos-south-c-final-oakcrest-vs-seneca-thursday-feb-13.html\">Source link <\/a><\/p>","protected":false},"excerpt":{"rendered":"<p>Nossas fotos esportivas do HS, como as acima, o colocam de perto com a a\u00e7\u00e3o e toda a experi\u00eancia. Confira -os clicando em qualquer lugar da colagem acima para abrir&hellip;<\/p>","protected":false},"author":1,"featured_media":102597,"comment_status":"closed","ping_status":"open","sticky":false,"template":"","format":"standard","meta":{"content-type":"","footnotes":""},"categories":[1],"tags":[],"class_list":["post-102596","post","type-post","status-publish","format-standard","has-post-thumbnail","hentry","category-uncategorized"],"_links":{"self":[{"href":"https:\/\/tvbrazilusa.com\/pt\/wp-json\/wp\/v2\/posts\/102596","targetHints":{"allow":["GET"]}}],"collection":[{"href":"https:\/\/tvbrazilusa.com\/pt\/wp-json\/wp\/v2\/posts"}],"about":[{"href":"https:\/\/tvbrazilusa.com\/pt\/wp-json\/wp\/v2\/types\/post"}],"author":[{"embeddable":true,"href":"https:\/\/tvbrazilusa.com\/pt\/wp-json\/wp\/v2\/users\/1"}],"replies":[{"embeddable":true,"href":"https:\/\/tvbrazilusa.com\/pt\/wp-json\/wp\/v2\/comments?post=102596"}],"version-history":[{"count":1,"href":"https:\/\/tvbrazilusa.com\/pt\/wp-json\/wp\/v2\/posts\/102596\/revisions"}],"predecessor-version":[{"id":102598,"href":"https:\/\/tvbrazilusa.com\/pt\/wp-json\/wp\/v2\/posts\/102596\/revisions\/102598"}],"wp:featuredmedia":[{"embeddable":true,"href":"https:\/\/tvbrazilusa.com\/pt\/wp-json\/wp\/v2\/media\/102597"}],"wp:attachment":[{"href":"https:\/\/tvbrazilusa.com\/pt\/wp-json\/wp\/v2\/media?parent=102596"}],"wp:term":[{"taxonomy":"category","embeddable":true,"href":"https:\/\/tvbrazilusa.com\/pt\/wp-json\/wp\/v2\/categories?post=102596"},{"taxonomy":"post_tag","embeddable":true,"href":"https:\/\/tvbrazilusa.com\/pt\/wp-json\/wp\/v2\/tags?post=102596"}],"curies":[{"name":"wp","href":"https:\/\/api.w.org\/{rel}","templated":true}]}}