{"id":102610,"date":"2025-02-13T23:58:40","date_gmt":"2025-02-13T23:58:40","guid":{"rendered":"https:\/\/tvbrazilusa.com\/2025\/02\/13\/lider-da-oposicao-sobre-regulacao-das-redes-nao-vamos-deixar-passar\/"},"modified":"2025-02-13T23:58:45","modified_gmt":"2025-02-13T23:58:45","slug":"lider-da-oposicao-sobre-regulacao-das-redes-nao-vamos-deixar-passar","status":"publish","type":"post","link":"https:\/\/tvbrazilusa.com\/pt\/2025\/02\/13\/lider-da-oposicao-sobre-regulacao-das-redes-nao-vamos-deixar-passar\/","title":{"rendered":"L\u00edder da oposi\u00e7\u00e3o sobre regula\u00e7\u00e3o das redes: &#8216;N\u00e3o vamos deixar passar&#8217;"},"content":{"rendered":"<p> <script async src=\"https:\/\/pagead2.googlesyndication.com\/pagead\/js\/adsbygoogle.js?client=ca-pub-8864793242727901\"\r\n     crossorigin=\"anonymous\"><\/script><br \/>\n<\/p>\n<div id=\"taboola-read-more\" style=\"display:block; width:100%\">\n<p>O l\u00edder da oposi\u00e7\u00e3o na C\u00e2mara dos Deputados, Luciano Zucco (PL-RS) disse a O Antagonista que vai trabalhar contra a agenda de prioridades anunciada pelo governo na C\u00e2mara dos Deputados, que inclui a regulamenta\u00e7\u00e3o das redes sociais no Brasil.\n<\/p>\n<p>\u201cO governo federal deveria colocar como prioridade o corte de gastos, a responsabilidade fiscal, o combate \u00e0 corrup\u00e7\u00e3o e o controle da infla\u00e7\u00e3o como prioridades. Mas o que estamos vendo \u00e9 exatamente o contr\u00e1rio. Gasta cada vez mal, sem crit\u00e9rios, os esc\u00e2ndalos surgem todos os dias e os pre\u00e7os dos alimentos sobem sem parar\u201d, afirmou a este site.<\/p>\n<p>E completou: \u201cE o que o Planalto do Planalto faz? Elege a regulamenta\u00e7\u00e3o das redes como uma de suas prioridades para vota\u00e7\u00e3o no Congresso. Est\u00e1 muito claro. O Pal\u00e1cio do Planalto quer implantar a censura e calar os brasileiros no \u00fanico ambiente com alguma democracia e liberdade: as redes sociais\u201d.\n<\/p>\n<p><strong>Articula\u00e7\u00e3o com os partidos<\/strong><br \/>O parlamentar acrescentou que a oposi\u00e7\u00e3o vai pressionar o col\u00e9gio de l\u00edderes da C\u00e2mara contra o avan\u00e7o das pautas anunciadas pelo ministro de Rela\u00e7\u00f5es Institucionais do governo Lula, Alexandre Padilha.\n<\/p>\n<p>\u201cA oposi\u00e7\u00e3o vai trabalhar internamente, conversando com as bancadas, e externamente, junto \u00e0 opini\u00e3o p\u00fablica e \u00e0 popula\u00e7\u00e3o, para mostrar que estamos muito pr\u00f3ximos de virar uma Coreia do Norte. N\u00e3o vamos deixar essa proposta [regulamenta\u00e7\u00e3o das redes] avan\u00e7ar\u201d, acrescentou.\n<\/p>\n<p>Agenda governista<br \/>Como mostramos, o ministro das Rela\u00e7\u00f5es Institucionais do governo Lula, Alexandre Padilha, afirmou, durante sua passagem pela C\u00e2mara dos Deputados, na \u00faltima quarta-feira, 12, que a regulamenta\u00e7\u00e3o das redes sociais \u00e9 um dos principais eixos da agenda priorit\u00e1ria da gest\u00e3o petista no relacionamento com a Casa Legislativa.\n<\/p>\n<p>O representante do Planalto classificou essa prioridade como parte de uma agenda voltada para a \u201cprote\u00e7\u00e3o das pessoas, das fam\u00edlias e dos neg\u00f3cios no ambiente digital\u201d.\n<\/p>\n<p>\u201cO eixo da prote\u00e7\u00e3o \u00e0s pessoas, \u00e0s fam\u00edlias e aos neg\u00f3cios no ambiente digital. O governo tem como prioridade proteger as pessoas, as fam\u00edlia eos neg\u00f3cios contra os crimes que acontecem no ambiente digital. Aprovamos no Senado uma Lei que protege as crian\u00e7as e adolescentes contra os crimes no ambiente digital, queremos uma na vota\u00e7\u00e3o desse projeto aqui na C\u00e2mara. Aprovamos no Senado a regula\u00e7\u00e3o da intelig\u00eancia artificial, queremos tamb\u00e9m [para esse projeto a prioridade de vota\u00e7\u00e3o na C\u00e2mara dos Deputados\u201d, afirmou.\n<\/p>\n<p>Pl 2630 no radar<br \/>Padilha ainda citou como alternativa o projeto 2630, relatado pelo deputado Orlando Silva (PCdoB-SP). A mat\u00e9ria, que prop\u00f5e regras aos usu\u00e1rios das redes sociais, n\u00e3o avan\u00e7ou na Casa de Leis sob o comando de Arthur Lira ap\u00f3s press\u00e3o da oposi\u00e7\u00e3o.\n<\/p>\n<p>\u201cQueremos estimular projetos que estejam no Congresso Nacional que avancem nessa prote\u00e7\u00e3o \u00e0s pessoas e aos neg\u00f3cios no ambiente digital contra os crimes reconhecidos por n\u00f3s no ambiente social, mas que est\u00e3o liberados no ambiente digital. Destacamos dois projetos com essas caracter\u00edsticas, tem o 2630, que est\u00e1 sendo debatido desde 2023\u2033, afirmou.\n<\/p>\n<p>E acrescentou: \u201cTem um novo projeto apresentado pelo deputado Silas C\u00e2mara, que foi secretario de comunica\u00e7\u00e3o da C\u00e2mara e, na sua gest\u00e3o, fez v\u00e1rias audi\u00eancias p\u00fablicas, construiu um projeto, e o governo considera um projeto interessante como instrumento para esse debate. Conversei com o deputado Silas e ele tem todo interesse que o projeto dele possa avan\u00e7ar\u201d.\n<\/p>\n<p>Fonte: O Antagonista              <\/p>\n<\/div>\n<p><br \/>\n<br \/><a href=\"https:\/\/diariodobrasilnoticias.com.br\/noticia\/lider-da-oposicao-sobre-regulacao-das-redes-nao-vamos-deixar-passar-67ae59641e798\">Source link <\/a><\/p>","protected":false},"excerpt":{"rendered":"<p>O l\u00edder da oposi\u00e7\u00e3o na C\u00e2mara dos Deputados, Luciano Zucco (PL-RS) disse a O Antagonista que vai trabalhar contra a agenda de prioridades anunciada pelo governo na C\u00e2mara dos Deputados,&hellip;<\/p>","protected":false},"author":1,"featured_media":102611,"comment_status":"closed","ping_status":"open","sticky":false,"template":"","format":"standard","meta":{"content-type":"","footnotes":""},"categories":[16],"tags":[123,2448,5313,1267],"class_list":["post-102610","post","type-post","status-publish","format-standard","has-post-thumbnail","hentry","category-noticias","tag-brasil","tag-diario","tag-noticia","tag-noticias"],"_links":{"self":[{"href":"https:\/\/tvbrazilusa.com\/pt\/wp-json\/wp\/v2\/posts\/102610","targetHints":{"allow":["GET"]}}],"collection":[{"href":"https:\/\/tvbrazilusa.com\/pt\/wp-json\/wp\/v2\/posts"}],"about":[{"href":"https:\/\/tvbrazilusa.com\/pt\/wp-json\/wp\/v2\/types\/post"}],"author":[{"embeddable":true,"href":"https:\/\/tvbrazilusa.com\/pt\/wp-json\/wp\/v2\/users\/1"}],"replies":[{"embeddable":true,"href":"https:\/\/tvbrazilusa.com\/pt\/wp-json\/wp\/v2\/comments?post=102610"}],"version-history":[{"count":1,"href":"https:\/\/tvbrazilusa.com\/pt\/wp-json\/wp\/v2\/posts\/102610\/revisions"}],"predecessor-version":[{"id":102612,"href":"https:\/\/tvbrazilusa.com\/pt\/wp-json\/wp\/v2\/posts\/102610\/revisions\/102612"}],"wp:featuredmedia":[{"embeddable":true,"href":"https:\/\/tvbrazilusa.com\/pt\/wp-json\/wp\/v2\/media\/102611"}],"wp:attachment":[{"href":"https:\/\/tvbrazilusa.com\/pt\/wp-json\/wp\/v2\/media?parent=102610"}],"wp:term":[{"taxonomy":"category","embeddable":true,"href":"https:\/\/tvbrazilusa.com\/pt\/wp-json\/wp\/v2\/categories?post=102610"},{"taxonomy":"post_tag","embeddable":true,"href":"https:\/\/tvbrazilusa.com\/pt\/wp-json\/wp\/v2\/tags?post=102610"}],"curies":[{"name":"wp","href":"https:\/\/api.w.org\/{rel}","templated":true}]}}