{"id":102613,"date":"2025-02-14T00:09:58","date_gmt":"2025-02-14T00:09:58","guid":{"rendered":"https:\/\/tvbrazilusa.com\/2025\/02\/14\/defesa-de-bolsonaro-reclama-de-falta-de-acesso-aos-autos\/"},"modified":"2025-02-14T00:10:00","modified_gmt":"2025-02-14T00:10:00","slug":"defesa-de-bolsonaro-reclama-de-falta-de-acesso-aos-autos","status":"publish","type":"post","link":"https:\/\/tvbrazilusa.com\/pt\/2025\/02\/14\/defesa-de-bolsonaro-reclama-de-falta-de-acesso-aos-autos\/","title":{"rendered":"Defesa de Bolsonaro reclama de falta de acesso aos autos"},"content":{"rendered":"<p> <script async src=\"https:\/\/pagead2.googlesyndication.com\/pagead\/js\/adsbygoogle.js?client=ca-pub-8864793242727901\"\r\n     crossorigin=\"anonymous\"><\/script><br \/>\n<\/p>\n<div id=\"taboola-read-more\" style=\"display:block; width:100%\">\n<p>A defesa do ex-presidente Jair Bolsonaro (PL) solicitou ao Supremo Tribunal Federal (STF) na \u00faltima quarta-feira, 12, o acesso a todas as provas reunidas na investiga\u00e7\u00e3o que apura a suposta tentativa de golpe de Estado envolvendo o ex-mandat\u00e1rio.\n<\/p>\n<p>A reclama\u00e7\u00e3o do escrit\u00f3rio que representa o ex-presidente \u00e9 de que a Suprema Corte ainda n\u00e3o concedeu acesso integral aos autos que envolvem Bolsonaro.<\/p>\n<p>O ministro Alexandre de Moraes, relator do caso, afirmou, em decis\u00e3o anterior, que a defesa tem o direito amplo de acessar as provas j\u00e1 registradas pelo Supremo. \u201cO amplo acesso aos elementos de prova j\u00e1 documentado nos autos est\u00e1 plenamente garantido \u00e0 Defesa dos investigados\u201d, afirmou o magistrado.\n<\/p>\n<p>Contudo, o advogado Celso Vilardi declarou que, at\u00e9 o momento, n\u00e3o obteve conhecimento integral acerca dos documentos.\n<\/p>\n<p>Bolsonaro foi indiciado pela Pol\u00edcia Federal (PF), e a Procuradoria-Geral da Rep\u00fablica (PGR) deve apresentar uma acusa\u00e7\u00e3o formal na pr\u00f3xima semana.\n<\/p>\n<p>Dilig\u00eancias da PF<br \/>A defesa argumenta que n\u00e3o foram disponibilizadas todas as evid\u00eancias mencionadas no relat\u00f3rio final da investiga\u00e7\u00e3o, entregue pela PF em novembro, nem todo o material recolhido durante as buscas e apreens\u00f5es.\n<\/p>\n<p>\u201cO que a defesa busca ainda sem sucesso conhecer \u00e9 o resultado das dilig\u00eancias j\u00e1 encerradas. Vale dizer, o que se obteve com as buscas e apreens\u00f5es deferidas por Vossa Excel\u00eancia e j\u00e1 integralmente cumpridas pela autoridade policial. Resta claro que o conjunto de elementos reunidos com diferentes quebras de sigilo, apreens\u00f5es e outras dilig\u00eancias pode ser descrito como gigantesco, para dizer muito pouco\u201d, afirmou Vilardi em peti\u00e7\u00e3o divulgada \u00e0 imprensa.\n<\/p>\n<p>STF descumpre Constitui\u00e7\u00e3o ao julgar Bolsonaro?<br \/>Como mostramos, o ministro aposentado do Supremo Tribunal Federal (STF) Marco Aur\u00e9lio Mello defende que a Suprema Corte caminha em desacordo com a Constitui\u00e7\u00e3o Federal, especialmente, ao colocar no banco dos r\u00e9us, o ex-presidente Jair Bolsonaro, que n\u00e3o disp\u00f5e de foro especial por prerrogativa de fun\u00e7\u00e3o.\n<\/p>\n<p>Questionado sobre o indiciamento do ex-presidente e do general Braga Netto, ex-ministro da Casa Civil do governo bolsonarista, por suposta tentativa de golpe de Estado, Mello destacou que aqueles que n\u00e3o possuem mandato devem ser julgados na \u201cpedreira da magistratura\u201d, ou seja, na primeira inst\u00e2ncia da Justi\u00e7a.\n<\/p>\n<p>\u201cA compet\u00eancia do Supremo \u00e9 de direito estrito. \u00c9 o que est\u00e1 na Lei das leis, a Constitui\u00e7\u00e3o Federal e nada mais. Dela n\u00e3o constam cidad\u00e3os comuns. Julga, a teor da al\u00ednea b, do inciso I, do artigo 102:\u201co Presidente da Rep\u00fablica, o Vice-Presidente, os membros do Congresso Nacional, seus Ministros e o Procurador-Geral da Rep\u00fablica\u201d. Ex em qualquer dessas esferas \u00e9 julgado na pedreira da magistratura, na primeira inst\u00e2ncia da Justi\u00e7a\u201d, disse a O Antagonista.\n<\/p>\n<p>E acrescentou: \u201cO texto constitucional est\u00e1 em bom vern\u00e1culo, em bom portugu\u00eas. A prerrogativa de ser julgado pelo Supremo,est\u00e1 ligada ao cargo ocupado\u201d.\n<\/p>\n<p>Fonte: O Antagonista              <\/p>\n<\/div>\n<p><br \/>\n<br \/><a href=\"https:\/\/diariodobrasilnoticias.com.br\/noticia\/defesa-de-bolsonaro-reclama-de-falta-de-acesso-aos-autos-67ae790ccf9b1\">Source link <\/a><\/p>","protected":false},"excerpt":{"rendered":"<p>A defesa do ex-presidente Jair Bolsonaro (PL) solicitou ao Supremo Tribunal Federal (STF) na \u00faltima quarta-feira, 12, o acesso a todas as provas reunidas na investiga\u00e7\u00e3o que apura a suposta&hellip;<\/p>","protected":false},"author":1,"featured_media":102614,"comment_status":"closed","ping_status":"open","sticky":false,"template":"","format":"standard","meta":{"content-type":"","footnotes":""},"categories":[16],"tags":[123,2448,5313,1267],"class_list":["post-102613","post","type-post","status-publish","format-standard","has-post-thumbnail","hentry","category-noticias","tag-brasil","tag-diario","tag-noticia","tag-noticias"],"_links":{"self":[{"href":"https:\/\/tvbrazilusa.com\/pt\/wp-json\/wp\/v2\/posts\/102613","targetHints":{"allow":["GET"]}}],"collection":[{"href":"https:\/\/tvbrazilusa.com\/pt\/wp-json\/wp\/v2\/posts"}],"about":[{"href":"https:\/\/tvbrazilusa.com\/pt\/wp-json\/wp\/v2\/types\/post"}],"author":[{"embeddable":true,"href":"https:\/\/tvbrazilusa.com\/pt\/wp-json\/wp\/v2\/users\/1"}],"replies":[{"embeddable":true,"href":"https:\/\/tvbrazilusa.com\/pt\/wp-json\/wp\/v2\/comments?post=102613"}],"version-history":[{"count":1,"href":"https:\/\/tvbrazilusa.com\/pt\/wp-json\/wp\/v2\/posts\/102613\/revisions"}],"predecessor-version":[{"id":102615,"href":"https:\/\/tvbrazilusa.com\/pt\/wp-json\/wp\/v2\/posts\/102613\/revisions\/102615"}],"wp:featuredmedia":[{"embeddable":true,"href":"https:\/\/tvbrazilusa.com\/pt\/wp-json\/wp\/v2\/media\/102614"}],"wp:attachment":[{"href":"https:\/\/tvbrazilusa.com\/pt\/wp-json\/wp\/v2\/media?parent=102613"}],"wp:term":[{"taxonomy":"category","embeddable":true,"href":"https:\/\/tvbrazilusa.com\/pt\/wp-json\/wp\/v2\/categories?post=102613"},{"taxonomy":"post_tag","embeddable":true,"href":"https:\/\/tvbrazilusa.com\/pt\/wp-json\/wp\/v2\/tags?post=102613"}],"curies":[{"name":"wp","href":"https:\/\/api.w.org\/{rel}","templated":true}]}}