{"id":102616,"date":"2025-02-14T00:21:18","date_gmt":"2025-02-14T00:21:18","guid":{"rendered":"https:\/\/tvbrazilusa.com\/2025\/02\/14\/fim-do-pagamento-de-pedagios-nova-lei-traz-isencao-nas-rodovias-mais-aguardadas-pelos-idosos\/"},"modified":"2025-02-14T00:21:19","modified_gmt":"2025-02-14T00:21:19","slug":"fim-do-pagamento-de-pedagios-nova-lei-traz-isencao-nas-rodovias-mais-aguardadas-pelos-idosos","status":"publish","type":"post","link":"https:\/\/tvbrazilusa.com\/pt\/2025\/02\/14\/fim-do-pagamento-de-pedagios-nova-lei-traz-isencao-nas-rodovias-mais-aguardadas-pelos-idosos\/","title":{"rendered":"Fim do pagamento de ped\u00e1gios: Nova lei traz isen\u00e7\u00e3o nas rodovias mais aguardadas pelos idosos"},"content":{"rendered":"<p> <script async src=\"https:\/\/pagead2.googlesyndication.com\/pagead\/js\/adsbygoogle.js?client=ca-pub-8864793242727901\"\r\n     crossorigin=\"anonymous\"><\/script><br \/>\n<\/p>\n<div id=\"taboola-read-more\" style=\"display:block; width:100%\">\n<p>Nova lei armada visa trazer isen\u00e7\u00e3o no pagamento de ped\u00e1gios a idosos. Veja todos os detalhes sobre a regra que trar\u00e1 um belo benef\u00edcio aos 60+<br \/>O acesso \u00e0s rodovias pode se tornar mais justo para os idosos. Uma lei anunciada, visa garantir a isen\u00e7\u00e3o no pagamento de ped\u00e1gios para esse grupo em algumas das estradas mais movimentadas do pa\u00eds.\n<\/p>\n<p>A regra que est\u00e1 sendo discutida, atende a uma demanda antiga e promete aliviar os custos de deslocamento e ampliar a acessibilidade, beneficiando milhares de motoristas.<\/p>\n<p>Conforme apurado pelo TV FOCO, segundo o portal \u2018Novo Jornal\u2019, um projeto de lei armado visa trazer a isen\u00e7\u00e3o do pagamento de ped\u00e1gios aos idosos no estado de Minas Gerais.\n<\/p>\n<p><strong>PL com isen\u00e7\u00e3o nos ped\u00e1gios<\/strong><br \/>Atualmente, n\u00e3o existe nenhum benef\u00edcio com isen\u00e7\u00e3o de pagamento em ped\u00e1gios nas rodovias. Contudo, uma nova lei armada pode estar para mudar essa realidade.\n<\/p>\n<p>O parlamentar Alencar da Silveira Jr. (PDT) apresentou o Projeto de Lei n\u00b0 3.092\/24. Ele visa beneficiar os idosos 60+ com a inten\u00e7\u00e3o de isentar esse grupo do pagamento da taxa rodovi\u00e1ria em Minas Gerais.\n<\/p>\n<p>A isen\u00e7\u00e3o para idosos, conforme a proposta, ter\u00e1 validade apenas para ve\u00edculos registrados em nome do 60+, com a comprova\u00e7\u00e3o feita por meio de um cart\u00e3o fornecido pelo \u00f3rg\u00e3o de tr\u00e2nsito respons\u00e1vel.\n<\/p>\n<p>De acordo com o PL, o cart\u00e3o conter\u00e1 informa\u00e7\u00f5es como o nome completo do idoso, CPF, a placa do ve\u00edculo, a data de validade e um QR Code que permitir\u00e1 o acesso a dados completos.\n<\/p>\n<p>O projeto foi idealizado visando reduzir os custos de deslocamento para os 60+, um grupo que, muitas vezes, enfrenta dificuldades financeiras devido \u00e0 aposentadoria ou \u00e0 aus\u00eancia de atividade laboral.\n<\/p>\n<p>A proposta tamb\u00e9m busca atender aos locais onde o transporte p\u00fablico acaba limitado, for\u00e7ando os idosos a utilizarem seus pr\u00f3prios ve\u00edculos para se locomover.\n<\/p>\n<p>Considera\u00e7\u00f5es finais<br \/>A proposta de isen\u00e7\u00e3o de ped\u00e1gios para idosos em Minas Gerais, apresentada pelo deputado Alencar da Silveira Jr., visa reduzir os custos de deslocamento para pessoas com 60 anos ou mais.<br \/>A medida, que se aplica a ve\u00edculos registrados em nome dos idosos, ser\u00e1 comprovada por um cart\u00e3o espec\u00edfico com informa\u00e7\u00f5es e QR Code.<br \/>A iniciativa busca ajudar a melhorar a acessibilidade e aliviar a carga financeira do p\u00fablico idoso, especialmente em \u00e1reas com transporte p\u00fablico limitado.<br \/>Se aprovada, a lei trar\u00e1 benef\u00edcios significativos para esse grupo.<br \/>Por que alguns idosos tem dificuldades para pagar ped\u00e1gios?<br \/>Em suma, muitos idosos enfrentam dificuldades para pagar ped\u00e1gios devido \u00e0 aposentadoria e \u00e0 renda fixa, o que pode tornar os custos de viagens mais altos.\n<\/p>\n<p>Al\u00e9m disso, alguns idosos podem ter limita\u00e7\u00f5es de mobilidade. Assim, dificultando o pagamento nos ped\u00e1gio, que geralmente exigem o uso de dinheiro ou cart\u00f5es, e n\u00e3o oferecem atendimento acess\u00edvel.\n<\/p>\n<p>Em algumas rodovias, alternativas como a isen\u00e7\u00e3o ou descontos para idosos ainda n\u00e3o est\u00e3o amplamente implementadas, o que pode agravar a situa\u00e7\u00e3o financeira durante as viagens.\n<\/p>\n<p>Fonte: Tv O Foco              <\/p>\n<\/div>\n<p><br \/>\n<br \/><a href=\"https:\/\/diariodobrasilnoticias.com.br\/noticia\/fim-do-pagamento-de-pedagios-nova-lei-traz-isencao-nas-rodovias-mais-aguardadas-pelos-idosos-67ae6dffef7a2\">Source link <\/a><\/p>","protected":false},"excerpt":{"rendered":"<p>Nova lei armada visa trazer isen\u00e7\u00e3o no pagamento de ped\u00e1gios a idosos. Veja todos os detalhes sobre a regra que trar\u00e1 um belo benef\u00edcio aos 60+O acesso \u00e0s rodovias pode&hellip;<\/p>","protected":false},"author":1,"featured_media":102617,"comment_status":"closed","ping_status":"open","sticky":false,"template":"","format":"standard","meta":{"content-type":"","footnotes":""},"categories":[16],"tags":[123,2448,5313,1267],"class_list":["post-102616","post","type-post","status-publish","format-standard","has-post-thumbnail","hentry","category-noticias","tag-brasil","tag-diario","tag-noticia","tag-noticias"],"_links":{"self":[{"href":"https:\/\/tvbrazilusa.com\/pt\/wp-json\/wp\/v2\/posts\/102616","targetHints":{"allow":["GET"]}}],"collection":[{"href":"https:\/\/tvbrazilusa.com\/pt\/wp-json\/wp\/v2\/posts"}],"about":[{"href":"https:\/\/tvbrazilusa.com\/pt\/wp-json\/wp\/v2\/types\/post"}],"author":[{"embeddable":true,"href":"https:\/\/tvbrazilusa.com\/pt\/wp-json\/wp\/v2\/users\/1"}],"replies":[{"embeddable":true,"href":"https:\/\/tvbrazilusa.com\/pt\/wp-json\/wp\/v2\/comments?post=102616"}],"version-history":[{"count":1,"href":"https:\/\/tvbrazilusa.com\/pt\/wp-json\/wp\/v2\/posts\/102616\/revisions"}],"predecessor-version":[{"id":102618,"href":"https:\/\/tvbrazilusa.com\/pt\/wp-json\/wp\/v2\/posts\/102616\/revisions\/102618"}],"wp:featuredmedia":[{"embeddable":true,"href":"https:\/\/tvbrazilusa.com\/pt\/wp-json\/wp\/v2\/media\/102617"}],"wp:attachment":[{"href":"https:\/\/tvbrazilusa.com\/pt\/wp-json\/wp\/v2\/media?parent=102616"}],"wp:term":[{"taxonomy":"category","embeddable":true,"href":"https:\/\/tvbrazilusa.com\/pt\/wp-json\/wp\/v2\/categories?post=102616"},{"taxonomy":"post_tag","embeddable":true,"href":"https:\/\/tvbrazilusa.com\/pt\/wp-json\/wp\/v2\/tags?post=102616"}],"curies":[{"name":"wp","href":"https:\/\/api.w.org\/{rel}","templated":true}]}}